{"id":933,"date":"2026-07-19T23:03:27","date_gmt":"2026-07-19T21:03:27","guid":{"rendered":"https:\/\/www.ucf42.com\/vega\/?p=933"},"modified":"2026-07-21T15:53:21","modified_gmt":"2026-07-21T13:53:21","slug":"retour-sur-74eme-grand-prix-de-veauche","status":"publish","type":"post","link":"https:\/\/www.ucf42.com\/vega\/retour-sur-74eme-grand-prix-de-veauche\/","title":{"rendered":"Retour sur le 74\u00e8me Grand Prix de Veauche du 19 juillet 2026"},"content":{"rendered":"\n<p class=\"wp-block-paragraph\">Ce 74\u00e8me Grand Prix de VEAUCHE a \u00e9t\u00e9 un succ\u00e8s<\/p>\n\n\n\n<p class=\"wp-block-paragraph\">Merci aux coureurs qui sont parfois venus de loin pour nous livrer une course dynamique sur un circuit qui ne laisse aucun r\u00e9pit : tour de circuit en 1mn 30s , vitesse moyenne de 43,9km\/h pour le premier !<\/p>\n\n\n\n<p class=\"wp-block-paragraph\">Merci aux riverains qui ont accept\u00e9 les contraintes de circulation et de stationnement pour que le circuit soit enti\u00e8rement r\u00e9serv\u00e9 aux coureurs.<\/p>\n\n\n\n<p class=\"wp-block-paragraph\">Merci \u00e0 M. Florian CHAUX, maire, \u00e0 Mme Claire GANDIN, adjointe et \u00e0 Mme Fran\u00e7oise RUFFO, conseill\u00e8re, pour avoir partag\u00e9 avec nous cet apr\u00e8s-midi de cyclisme, remis les r\u00e9compenses et servi le \u00ab\u00a0pot\u00a0\u00bb de l&rsquo;amiti\u00e9 !<\/p>\n\n\n\n<p class=\"wp-block-paragraph\">Merci aussi \u00e0 tous les services de la ville de VEAUCHE qui ont particip\u00e9 avec professionnalisme \u00e0 la pr\u00e9paration de cet \u00e9v\u00e9nement: cela reste un challenge qui ne peut \u00eatre r\u00e9ussi qu&rsquo;en \u00e9quipe !<\/p>\n\n\n\n<p class=\"wp-block-paragraph\">Merci aux signaleurs qui ont gard\u00e9 les carrefours, aux b\u00e9n\u00e9voles UCF42 qui ont mont\u00e9 et d\u00e9mont\u00e9 le mat\u00e9riel n\u00e9cessaire.<\/p>\n\n\n\n<p class=\"wp-block-paragraph\">Merci \u00e0 G\u00e9rard THOMAS au micro, G\u00e9rard CHERBUT \u00e0 la sono.<\/p>\n\n\n\n<p class=\"wp-block-paragraph\">Les commissaires FFC \u00e9taient Lydie SOLEILLANT et Olivier CHAPRIER<br>Le chronom\u00e9trage \u00e9tait assur\u00e9 par Christophe DEMONT et Christine DEMONT g\u00e9rait les transpondeurs.<\/p>\n\n\n\n<p class=\"wp-block-paragraph\">Merci aux secouristes, c&rsquo;est eux que nous mettons plus particuli\u00e8rement \u00e0 l&rsquo;honneur cette ann\u00e9e : voir la photo un peu plus bas !<\/p>\n\n\n\n<h2 class=\"wp-block-heading\">Le premier : Hugo LAFAYE, Union Cycliste PELUSSIN LOIRE PILAT<\/h2>\n\n\n\n<figure class=\"wp-block-image size-full\"><img loading=\"lazy\" decoding=\"async\" width=\"894\" height=\"981\" src=\"http:\/\/www.ucf42.com\/vega\/wp-content\/uploads\/IMG_6555_R.jpg\" alt=\"\" class=\"wp-image-937\" srcset=\"https:\/\/www.ucf42.com\/vega\/wp-content\/uploads\/IMG_6555_R.jpg 894w, https:\/\/www.ucf42.com\/vega\/wp-content\/uploads\/IMG_6555_R-273x300.jpg 273w, https:\/\/www.ucf42.com\/vega\/wp-content\/uploads\/IMG_6555_R-768x843.jpg 768w\" sizes=\"auto, (max-width: 894px) 100vw, 894px\" \/><\/figure>\n\n\n\n<p class=\"wp-block-paragraph\"><\/p>\n\n\n\n<h2 class=\"wp-block-heading\">Le deuxi\u00e8me : Mathis PASCAL, CREUSOT Cyclisme<\/h2>\n\n\n\n<h2 class=\"wp-block-heading\">Le troisi\u00e8me : Nathan MARCOUX, Union Cycliste PELUSSIN LOIRE PILAT<\/h2>\n\n\n\n<p class=\"wp-block-paragraph\">Nathan \u00e9tait le local de l&rsquo;\u00e9preuve puisqu&rsquo;il habite VEAUCHE. On notera qu&rsquo;en 2025 il a \u00e9t\u00e9 Champion du monde Junior sur piste (vainqueur du scratch) et qu&rsquo;il brille r\u00e9guli\u00e8rement dans les \u00e9preuves de poursuite sur piste. Mathis PASCAL a d\u00fb avoir beaucoup de m\u00e9rite pour le d\u00e9passer au sprint !<\/p>\n\n\n\n<figure class=\"wp-block-image size-large\"><img loading=\"lazy\" decoding=\"async\" width=\"911\" height=\"1024\" src=\"http:\/\/www.ucf42.com\/vega\/wp-content\/uploads\/IMG_6561_R-911x1024.jpg\" alt=\"\" class=\"wp-image-938\" srcset=\"https:\/\/www.ucf42.com\/vega\/wp-content\/uploads\/IMG_6561_R-911x1024.jpg 911w, https:\/\/www.ucf42.com\/vega\/wp-content\/uploads\/IMG_6561_R-267x300.jpg 267w, https:\/\/www.ucf42.com\/vega\/wp-content\/uploads\/IMG_6561_R-768x864.jpg 768w, https:\/\/www.ucf42.com\/vega\/wp-content\/uploads\/IMG_6561_R.jpg 915w\" sizes=\"auto, (max-width: 911px) 100vw, 911px\" \/><\/figure>\n\n\n\n<p class=\"wp-block-paragraph\"><\/p>\n\n\n\n<h2 class=\"wp-block-heading\">  Le podium :<\/h2>\n\n\n\n<figure class=\"wp-block-image size-large\"><img loading=\"lazy\" decoding=\"async\" width=\"1024\" height=\"971\" src=\"http:\/\/www.ucf42.com\/vega\/wp-content\/uploads\/IMG_6600_R-1024x971.jpg\" alt=\"\" class=\"wp-image-952\" srcset=\"https:\/\/www.ucf42.com\/vega\/wp-content\/uploads\/IMG_6600_R-1024x971.jpg 1024w, https:\/\/www.ucf42.com\/vega\/wp-content\/uploads\/IMG_6600_R-300x285.jpg 300w, https:\/\/www.ucf42.com\/vega\/wp-content\/uploads\/IMG_6600_R-768x729.jpg 768w, https:\/\/www.ucf42.com\/vega\/wp-content\/uploads\/IMG_6600_R-1536x1457.jpg 1536w, https:\/\/www.ucf42.com\/vega\/wp-content\/uploads\/IMG_6600_R-2048x1943.jpg 2048w\" sizes=\"auto, (max-width: 1024px) 100vw, 1024px\" \/><\/figure>\n\n\n\n<p class=\"wp-block-paragraph\"><\/p>\n\n\n\n<figure class=\"wp-block-image size-full\"><img loading=\"lazy\" decoding=\"async\" width=\"685\" height=\"872\" src=\"http:\/\/www.ucf42.com\/vega\/wp-content\/uploads\/CLASS-INTERNET_20260719_22h55_55.jpg\" alt=\"\" class=\"wp-image-934\" srcset=\"https:\/\/www.ucf42.com\/vega\/wp-content\/uploads\/CLASS-INTERNET_20260719_22h55_55.jpg 685w, https:\/\/www.ucf42.com\/vega\/wp-content\/uploads\/CLASS-INTERNET_20260719_22h55_55-236x300.jpg 236w\" sizes=\"auto, (max-width: 685px) 100vw, 685px\" \/><\/figure>\n\n\n\n<h2 class=\"wp-block-heading\">L&rsquo;\u00e9quipe \u00ab\u00a0Union Cycliste PELUSSIN LOIRE PILAT\u00a0\u00bb devient gardienne du troph\u00e9e Baptiste BERCET<\/h2>\n\n\n\n<p class=\"wp-block-paragraph\">Premi\u00e8re du classement par \u00e9quipes, l&rsquo;Union Cycliste PELLUSSIN emporte le troph\u00e9e Baptiste BERCET. Si elle se classe encore premi\u00e8re en 2027 et 2028, le troph\u00e9e lui sera d\u00e9finitivement acquis. <\/p>\n\n\n\n<figure class=\"wp-block-image size-large\"><img loading=\"lazy\" decoding=\"async\" width=\"1024\" height=\"683\" src=\"http:\/\/www.ucf42.com\/vega\/wp-content\/uploads\/IMG_6610-1024x683.jpg\" alt=\"\" class=\"wp-image-941\" srcset=\"https:\/\/www.ucf42.com\/vega\/wp-content\/uploads\/IMG_6610-1024x683.jpg 1024w, https:\/\/www.ucf42.com\/vega\/wp-content\/uploads\/IMG_6610-300x200.jpg 300w, https:\/\/www.ucf42.com\/vega\/wp-content\/uploads\/IMG_6610-768x512.jpg 768w, https:\/\/www.ucf42.com\/vega\/wp-content\/uploads\/IMG_6610-1536x1024.jpg 1536w, https:\/\/www.ucf42.com\/vega\/wp-content\/uploads\/IMG_6610-2048x1365.jpg 2048w\" sizes=\"auto, (max-width: 1024px) 100vw, 1024px\" \/><\/figure>\n\n\n\n<p class=\"wp-block-paragraph\"><\/p>\n\n\n\n<h2 class=\"wp-block-heading\">Clin d&rsquo;oeil aux secouristes de la Croix Blanche Saint Galmier<\/h2>\n\n\n\n<figure class=\"wp-block-image size-large\"><img loading=\"lazy\" decoding=\"async\" width=\"1024\" height=\"987\" src=\"http:\/\/www.ucf42.com\/vega\/wp-content\/uploads\/IMG_6615-R-1024x987.jpg\" alt=\"\" class=\"wp-image-949\" srcset=\"https:\/\/www.ucf42.com\/vega\/wp-content\/uploads\/IMG_6615-R-1024x987.jpg 1024w, https:\/\/www.ucf42.com\/vega\/wp-content\/uploads\/IMG_6615-R-300x289.jpg 300w, https:\/\/www.ucf42.com\/vega\/wp-content\/uploads\/IMG_6615-R-768x740.jpg 768w, https:\/\/www.ucf42.com\/vega\/wp-content\/uploads\/IMG_6615-R-1536x1480.jpg 1536w, https:\/\/www.ucf42.com\/vega\/wp-content\/uploads\/IMG_6615-R-2048x1974.jpg 2048w\" sizes=\"auto, (max-width: 1024px) 100vw, 1024px\" \/><\/figure>\n","protected":false},"excerpt":{"rendered":"<p>Ce 74\u00e8me Grand Prix de VEAUCHE a \u00e9t\u00e9 un succ\u00e8s Merci aux coureurs qui sont parfois venus de loin pour nous livrer une course dynamique sur un circuit qui ne laisse aucun r\u00e9pit : tour de circuit en 1mn 30s , vitesse moyenne de 43,9km\/h pour le premier ! Merci aux riverains qui ont accept\u00e9 [&hellip;]<\/p>\n","protected":false},"author":2,"featured_media":0,"comment_status":"open","ping_status":"open","sticky":false,"template":"","format":"standard","meta":{"footnotes":"","_members_access_role":[],"_members_access_error":""},"categories":[8,9],"tags":[],"class_list":["post-933","post","type-post","status-publish","format-standard","category-actualites","category-organisations","czr-hentry"],"_links":{"self":[{"href":"https:\/\/www.ucf42.com\/vega\/wp-json\/wp\/v2\/posts\/933","targetHints":{"allow":["GET"]}}],"collection":[{"href":"https:\/\/www.ucf42.com\/vega\/wp-json\/wp\/v2\/posts"}],"about":[{"href":"https:\/\/www.ucf42.com\/vega\/wp-json\/wp\/v2\/types\/post"}],"author":[{"embeddable":true,"href":"https:\/\/www.ucf42.com\/vega\/wp-json\/wp\/v2\/users\/2"}],"replies":[{"embeddable":true,"href":"https:\/\/www.ucf42.com\/vega\/wp-json\/wp\/v2\/comments?post=933"}],"version-history":[{"count":9,"href":"https:\/\/www.ucf42.com\/vega\/wp-json\/wp\/v2\/posts\/933\/revisions"}],"predecessor-version":[{"id":955,"href":"https:\/\/www.ucf42.com\/vega\/wp-json\/wp\/v2\/posts\/933\/revisions\/955"}],"wp:attachment":[{"href":"https:\/\/www.ucf42.com\/vega\/wp-json\/wp\/v2\/media?parent=933"}],"wp:term":[{"taxonomy":"category","embeddable":true,"href":"https:\/\/www.ucf42.com\/vega\/wp-json\/wp\/v2\/categories?post=933"},{"taxonomy":"post_tag","embeddable":true,"href":"https:\/\/www.ucf42.com\/vega\/wp-json\/wp\/v2\/tags?post=933"}],"curies":[{"name":"wp","href":"https:\/\/api.w.org\/{rel}","templated":true}]}}