{"id":566,"date":"2025-08-19T09:34:26","date_gmt":"2025-08-19T07:34:26","guid":{"rendered":"https:\/\/www.ucf42.com\/vega\/?p=566"},"modified":"2025-09-25T22:21:45","modified_gmt":"2025-09-25T20:21:45","slug":"criterium-de-montrond-les-bains-2025-informations-pratiques","status":"publish","type":"post","link":"https:\/\/www.ucf42.com\/vega\/criterium-de-montrond-les-bains-2025-informations-pratiques\/","title":{"rendered":"Crit\u00e9rium de Montrond les Bains 2025 &#8211; Informations pratiques"},"content":{"rendered":"\n<h3 class=\"wp-block-heading\">Lieu : Rue du 8 mai 1945, \u00e0 Montrond les Bains<\/h3>\n\n\n\n<h3 class=\"wp-block-heading\">Date : le 23 ao\u00fbt 2025, d\u00e9part de la premi\u00e8re course \u00e0 16h<\/h3>\n\n\n\n<p>Accueil des signaleurs \u00e0 14h45<\/p>\n\n\n\n<p>Fermeture du circuit \u00e0 la circulation et au stationnement d\u00e8s 15h30<\/p>\n\n\n\n<p>Retrait des dossards \u00e0 partir de 15h au podium animation<\/p>\n\n\n\n<h3 class=\"wp-block-heading\">Les concurrents :<\/h3>\n\n\n\n<p>Premi\u00e8re course (d\u00e9part \u00e0 16h) : les coureurs licenci\u00e9s FFC des cat\u00e9gories ACCESS 4, ACCESS 3, ACCESS 2, ACCESS 1<\/p>\n\n\n\n<p>Deuxi\u00e8me course (d\u00e9part \u00e0 16h01) : les concurrentes f\u00e9minines des cat\u00e9gories U17 (et plus \u00e2g\u00e9es), U19, Open, Elites r\u00e9gionales et ACCESS.<br>A noter que cette \u00e9preuve est int\u00e9gr\u00e9e au troph\u00e9e F\u00e9minin For\u00e9zien, ce qui devrait assurer une belle participation \u00e0 cette course.<\/p>\n\n\n\n<p>Troisi\u00e8me course (d\u00e9part \u00e0 18h00) : les concurrents des cat\u00e9gories OPEN 3, OPEN 2, OPEN 1<\/p>\n\n\n\n<h3 class=\"wp-block-heading\">Le circuit&nbsp;(interdit \u00e0 la circulation automobile et au stationnement)<\/h3>\n\n\n\n<p>Le circuit emprunte les voies suivantes :<br>Rue du 8 mai 1945, Rue de Chantegrillet, Rue de l\u2019Anzieux.<br>Podium animation, retrait des dossards, d\u00e9part et arriv\u00e9e seront rue du 8 mai 1945.<\/p>\n\n\n\n<p>Pour leur s\u00e9curit\u00e9, merci aux coureurs de bien respecter l\u2019interdiction de stationner au bord du circuit.<\/p>\n\n\n\n<h2 class=\"wp-block-heading\">Stationnement<\/h2>\n\n\n\n<p>Pour ne pas \u00eatre \u201cBloqu\u00e9\u201d le temps des \u00e9preuves, nous vous conseillons de garer votre v\u00e9hicule avant 15h30 sur un stationnement accessible depuis une des voies repr\u00e9sent\u00e9es en vert ou en gris sur la carte ci-dessous.<\/p>\n\n\n\n<figure class=\"wp-block-image size-full\"><img loading=\"lazy\" decoding=\"async\" width=\"1024\" height=\"831\" src=\"http:\/\/www.ucf42.com\/vega\/wp-content\/uploads\/20250819-carte-circulation-1024.jpg\" alt=\"\" class=\"wp-image-570\" srcset=\"https:\/\/www.ucf42.com\/vega\/wp-content\/uploads\/20250819-carte-circulation-1024.jpg 1024w, https:\/\/www.ucf42.com\/vega\/wp-content\/uploads\/20250819-carte-circulation-1024-300x243.jpg 300w, https:\/\/www.ucf42.com\/vega\/wp-content\/uploads\/20250819-carte-circulation-1024-768x623.jpg 768w\" sizes=\"auto, (max-width: 1024px) 100vw, 1024px\" \/><\/figure>\n\n\n\n<h3 class=\"wp-block-heading\" id=\"block-80f69dcd-7e75-40c1-be96-7e7bfe48cadf\">Un tour de circuit :<\/h3>\n\n\n\n<figure class=\"wp-block-embed is-type-video is-provider-youtube wp-block-embed-youtube wp-embed-aspect-16-9 wp-has-aspect-ratio\"><div class=\"wp-block-embed__wrapper\">\n<iframe loading=\"lazy\" title=\"Circuit du Crit\u00e9rium de MONTROND les BAINS 2025\" width=\"1140\" height=\"641\" src=\"https:\/\/www.youtube.com\/embed\/ekHtsO5wmA8?feature=oembed\" frameborder=\"0\" allow=\"accelerometer; autoplay; clipboard-write; encrypted-media; gyroscope; picture-in-picture; web-share\" referrerpolicy=\"strict-origin-when-cross-origin\" allowfullscreen><\/iframe>\n<\/div><\/figure>\n\n\n\n<p id=\"block-d430f23c-6953-4b61-bc33-90d519dec78e\">43 tours pour les ACCESS, 36 tours pour les f\u00e9minines, 50 tours pour les OPEN<\/p>\n\n\n\n<h3 class=\"wp-block-heading\">Pour venir \u00e0 la course :<\/h3>\n\n\n\n<p><a href=\"https:\/\/maps.app.goo.gl\/chEAis5BbByQNqv99\" target=\"_blank\" rel=\"noreferrer noopener\">https:\/\/maps.app.goo.gl\/chEAis5BbByQNqv99<\/a><\/p>\n\n\n\n<p><\/p>\n\n\n\n<hr class=\"wp-block-separator has-alpha-channel-opacity\"\/>\n\n\n\n<p><\/p>\n","protected":false},"excerpt":{"rendered":"<p>Lieu : Rue du 8 mai 1945, \u00e0 Montrond les Bains Date : le 23 ao\u00fbt 2025, d\u00e9part de la premi\u00e8re course \u00e0 16h Accueil des signaleurs \u00e0 14h45 Fermeture du circuit \u00e0 la circulation et au stationnement d\u00e8s 15h30 Retrait des dossards \u00e0 partir de 15h au podium animation Les concurrents : Premi\u00e8re course [&hellip;]<\/p>\n","protected":false},"author":2,"featured_media":0,"comment_status":"open","ping_status":"open","sticky":false,"template":"","format":"standard","meta":{"footnotes":""},"categories":[9],"tags":[],"class_list":{"0":"post-566","1":"post","2":"type-post","3":"status-publish","4":"format-standard","6":"category-organisations","7":"czr-hentry"},"_links":{"self":[{"href":"https:\/\/www.ucf42.com\/vega\/wp-json\/wp\/v2\/posts\/566","targetHints":{"allow":["GET"]}}],"collection":[{"href":"https:\/\/www.ucf42.com\/vega\/wp-json\/wp\/v2\/posts"}],"about":[{"href":"https:\/\/www.ucf42.com\/vega\/wp-json\/wp\/v2\/types\/post"}],"author":[{"embeddable":true,"href":"https:\/\/www.ucf42.com\/vega\/wp-json\/wp\/v2\/users\/2"}],"replies":[{"embeddable":true,"href":"https:\/\/www.ucf42.com\/vega\/wp-json\/wp\/v2\/comments?post=566"}],"version-history":[{"count":7,"href":"https:\/\/www.ucf42.com\/vega\/wp-json\/wp\/v2\/posts\/566\/revisions"}],"predecessor-version":[{"id":578,"href":"https:\/\/www.ucf42.com\/vega\/wp-json\/wp\/v2\/posts\/566\/revisions\/578"}],"wp:attachment":[{"href":"https:\/\/www.ucf42.com\/vega\/wp-json\/wp\/v2\/media?parent=566"}],"wp:term":[{"taxonomy":"category","embeddable":true,"href":"https:\/\/www.ucf42.com\/vega\/wp-json\/wp\/v2\/categories?post=566"},{"taxonomy":"post_tag","embeddable":true,"href":"https:\/\/www.ucf42.com\/vega\/wp-json\/wp\/v2\/tags?post=566"}],"curies":[{"name":"wp","href":"https:\/\/api.w.org\/{rel}","templated":true}]}}