{"id":535,"date":"2025-07-07T21:55:40","date_gmt":"2025-07-07T19:55:40","guid":{"rendered":"https:\/\/www.ucf42.com\/vega\/?p=535"},"modified":"2025-07-20T22:55:06","modified_gmt":"2025-07-20T20:55:06","slug":"grand-prix-de-veauche-2025-informations-pratiques","status":"publish","type":"post","link":"https:\/\/www.ucf42.com\/vega\/grand-prix-de-veauche-2025-informations-pratiques\/","title":{"rendered":"Grand Prix de VEAUCHE 2025 \u2013 Informations pratiques"},"content":{"rendered":"\n<p><\/p>\n\n\n\n<h3 class=\"wp-block-heading\">Lieu : Rue des M\u00e9tiers, \u00e0 VEAUCHE<\/h3>\n\n\n\n<p>Le podium animation est devant le Centre Technique Municipal<\/p>\n\n\n\n<h3 class=\"wp-block-heading\">Date : le dimanche 20 juillet 2025, d\u00e9part course \u00e0 15h00<\/h3>\n\n\n\n<p>Accueil des signaleurs \u00e0 13h45<\/p>\n\n\n\n<p>Fermeture du circuit \u00e0 la circulation et au stationnement d\u00e8s 14h30<\/p>\n\n\n\n<p>Retrait des dossards \u00e0 partir de 14h au podium animation<\/p>\n\n\n\n<h5 class=\"wp-block-heading\">Les concurrents :<\/h5>\n\n\n\n<p>les coureurs licenci\u00e9s FFC des cat\u00e9gories ACCESS 2, ACCESS 1, OPEN 3, OPEN 2 et OPEN 1 inscrits sur le site internet FFC<\/p>\n\n\n\n<h5 class=\"wp-block-heading\">Le petit plus :<\/h5>\n\n\n\n<p>La meilleure \u00e9quipe (jugement sur les 3 premiers coureurs) remportera le challenge Baptiste BERCET.<br>Le troph\u00e9e est remis en jeu \u00e0 chaque \u00e9dition depuis quelques dizaines d\u2019ann\u00e9e. Son cr\u00e9ateur Baptiste BERCET a d\u00e9cid\u00e9 que le troph\u00e9e serait d\u00e9finitivement acquis \u00e0 l\u2019\u00e9quipe qui gagnerait 3 ann\u00e9es cons\u00e9cutives, cela n\u2019est encore jamais arriv\u00e9, les jeux sont ouverts !<br>Le CR4C, vainqueur l&rsquo;an pass\u00e9,  viendra t il glaner une 2\u00e8me victoire ?<\/p>\n\n\n\n<h5 class=\"wp-block-heading\">Encore un petit plus :<\/h5>\n\n\n\n<p>Si vous venez en famille, les plus jeunes appr\u00e9cieront le f\u00eate foraine \u00e0 300m du circuit<\/p>\n\n\n\n<h5 class=\"wp-block-heading\">Le souvenir<\/h5>\n\n\n\n<p>Cette course s\u2019appelle \u201c73\u00e8me Grand Prix de VEAUCHE \u2013 Souvenir Andr\u00e9 MICHALET\u201d en hommage \u00e0 celui qui a oeuvr\u00e9 inlassablement pour le cyclisme et pour l\u2019animation de la Ville de VEAUCHE.<\/p>\n\n\n\n<h5 class=\"wp-block-heading\">Le circuit&nbsp;(interdit \u00e0 la circulation automobile)<\/h5>\n\n\n\n<p>Le nouveau circuit est au centre de la ville de Veauche :<br>Rue des M\u00e9tiers, Rue des Siccards, Rue du 19 mars 1962, Avenue PACCARD, Rue des M\u00e9tiers.<br>Podium animation, retrait des dossards \u00e0 partir de 13h45, d\u00e9part et arriv\u00e9e devant le Centre Technique Municipal, rue des M\u00e9tiers.<\/p>\n\n\n\n<figure class=\"wp-block-image size-large\"><img loading=\"lazy\" decoding=\"async\" width=\"1024\" height=\"643\" src=\"http:\/\/www.ucf42.com\/vega\/wp-content\/uploads\/20250210-Vue-elargie-sur-google-extrait-pour-flyers-riverains-sens-horizontal-1024x643.jpg\" alt=\"\" class=\"wp-image-539\" srcset=\"https:\/\/www.ucf42.com\/vega\/wp-content\/uploads\/20250210-Vue-elargie-sur-google-extrait-pour-flyers-riverains-sens-horizontal-1024x643.jpg 1024w, https:\/\/www.ucf42.com\/vega\/wp-content\/uploads\/20250210-Vue-elargie-sur-google-extrait-pour-flyers-riverains-sens-horizontal-300x188.jpg 300w, https:\/\/www.ucf42.com\/vega\/wp-content\/uploads\/20250210-Vue-elargie-sur-google-extrait-pour-flyers-riverains-sens-horizontal-768x482.jpg 768w, https:\/\/www.ucf42.com\/vega\/wp-content\/uploads\/20250210-Vue-elargie-sur-google-extrait-pour-flyers-riverains-sens-horizontal-1536x965.jpg 1536w, https:\/\/www.ucf42.com\/vega\/wp-content\/uploads\/20250210-Vue-elargie-sur-google-extrait-pour-flyers-riverains-sens-horizontal-2048x1286.jpg 2048w\" sizes=\"auto, (max-width: 1024px) 100vw, 1024px\" \/><\/figure>\n\n\n\n<h2 class=\"wp-block-heading\">Stationnement<\/h2>\n\n\n\n<p>Pour ne pas \u00eatre \u201cBloqu\u00e9\u201d, nous vous conseillons de garer votre v\u00e9hicule avant 14h30 sur un stationnement accessible depuis une des voies repr\u00e9sent\u00e9es en vert ou en gris sur la carte ci-dessus, ou sur le parking de Carrefour Market<\/p>\n\n\n\n<h3 class=\"wp-block-heading\">Un tour de circuit (les coureurs auront \u00e0 le faire 65 fois) :<\/h3>\n\n\n\n<figure class=\"wp-block-embed is-type-video is-provider-youtube wp-block-embed-youtube wp-embed-aspect-16-9 wp-has-aspect-ratio\"><div class=\"wp-block-embed__wrapper\">\n<iframe loading=\"lazy\" title=\"73eme GP de VEAUCHE\" width=\"1140\" height=\"641\" src=\"https:\/\/www.youtube.com\/embed\/y0iPP-vclu4?feature=oembed\" frameborder=\"0\" allow=\"accelerometer; autoplay; clipboard-write; encrypted-media; gyroscope; picture-in-picture; web-share\" referrerpolicy=\"strict-origin-when-cross-origin\" allowfullscreen><\/iframe>\n<\/div><\/figure>\n\n\n\n<p><\/p>\n\n\n\n<h3 class=\"wp-block-heading\">Pour venir \u00e0 la course :<\/h3>\n\n\n\n<p>Avec le lien ci-dessous, google vous conduira jusqu\u2019au Parking Carrefour Market, \u00e0 900m (\u00e0 pied) du podium animation (Pour votre GPS, 12 avenue Henri PLANCHET) :<\/p>\n\n\n\n<p><a href=\"https:\/\/maps.app.goo.gl\/fQvy7QFbGPgvtmos9\">https:\/\/maps.app.goo.gl\/fQvy7QFbGPgvtmos9<\/a><\/p>\n\n\n\n<p>Si vous venez par l\u2019Autoroute A72 depuis Saint Etienne ou Lyon :<br>prenez la sortie 8a VEAUCHE \/ MONTROND LES BAINS.<br>Au rond point des 4 routes (celui du ch\u00e2teau d\u2019eau), prenez la premi\u00e8re sortie \u00e0 droite direction SAINT GALMIER.<\/p>\n\n\n\n<p>Si vous venez par l\u2019Autoroute A72 depuis Clermont Ferrand :<br>prenez la sortie 8 ANDREZIEUX-BOUTHEON \/ VEAUCHE.<br>Au rond point des 4 routes (celui du ch\u00e2teau d\u2019eau), traversez le rond point et prenez la deuxi\u00e8me sortie direction SAINT GALMIER.<\/p>\n\n\n\n<p>Si vous venez du Nord (FEURS, MONTROND les BAINS) par la RD 1082 :<br>Traversez VEAUCHE jusqu\u2019au rond point des 4 routes, et tournez \u00e0 gauche en prenant la deuxi\u00e8me sortie de rond point direction SAINT GALMIER.<\/p>\n\n\n\n<p>Allez, on vous montre notre beau ch\u00e2teau d\u2019eau :<\/p>\n\n\n\n<figure class=\"wp-block-image\"><img decoding=\"async\" src=\"http:\/\/www.ucf42.com\/blog\/wp-content\/uploads\/2024\/07\/VEAUCHE-TOUT-W2300-1-1024x892.jpg\" alt=\"\" class=\"wp-image-3752\"\/><\/figure>\n\n\n\n<h2 class=\"wp-block-heading\">Merci \u00e0 la ville de VEAUCHE \u201cVille active et sportive\u201d, pour son aide !<\/h2>\n","protected":false},"excerpt":{"rendered":"<p>Lieu : Rue des M\u00e9tiers, \u00e0 VEAUCHE Le podium animation est devant le Centre Technique Municipal Date : le dimanche 20 juillet 2025, d\u00e9part course \u00e0 15h00 Accueil des signaleurs \u00e0 13h45 Fermeture du circuit \u00e0 la circulation et au stationnement d\u00e8s 14h30 Retrait des dossards \u00e0 partir de 14h au podium animation Les concurrents [&hellip;]<\/p>\n","protected":false},"author":2,"featured_media":544,"comment_status":"closed","ping_status":"open","sticky":false,"template":"","format":"standard","meta":{"footnotes":""},"categories":[9],"tags":[],"class_list":{"0":"post-535","1":"post","2":"type-post","3":"status-publish","4":"format-standard","5":"has-post-thumbnail","7":"category-organisations","8":"czr-hentry"},"_links":{"self":[{"href":"https:\/\/www.ucf42.com\/vega\/wp-json\/wp\/v2\/posts\/535","targetHints":{"allow":["GET"]}}],"collection":[{"href":"https:\/\/www.ucf42.com\/vega\/wp-json\/wp\/v2\/posts"}],"about":[{"href":"https:\/\/www.ucf42.com\/vega\/wp-json\/wp\/v2\/types\/post"}],"author":[{"embeddable":true,"href":"https:\/\/www.ucf42.com\/vega\/wp-json\/wp\/v2\/users\/2"}],"replies":[{"embeddable":true,"href":"https:\/\/www.ucf42.com\/vega\/wp-json\/wp\/v2\/comments?post=535"}],"version-history":[{"count":8,"href":"https:\/\/www.ucf42.com\/vega\/wp-json\/wp\/v2\/posts\/535\/revisions"}],"predecessor-version":[{"id":549,"href":"https:\/\/www.ucf42.com\/vega\/wp-json\/wp\/v2\/posts\/535\/revisions\/549"}],"wp:featuredmedia":[{"embeddable":true,"href":"https:\/\/www.ucf42.com\/vega\/wp-json\/wp\/v2\/media\/544"}],"wp:attachment":[{"href":"https:\/\/www.ucf42.com\/vega\/wp-json\/wp\/v2\/media?parent=535"}],"wp:term":[{"taxonomy":"category","embeddable":true,"href":"https:\/\/www.ucf42.com\/vega\/wp-json\/wp\/v2\/categories?post=535"},{"taxonomy":"post_tag","embeddable":true,"href":"https:\/\/www.ucf42.com\/vega\/wp-json\/wp\/v2\/tags?post=535"}],"curies":[{"name":"wp","href":"https:\/\/api.w.org\/{rel}","templated":true}]}}