{"id":394,"date":"2025-04-14T12:23:34","date_gmt":"2025-04-14T10:23:34","guid":{"rendered":"https:\/\/www.ucf42.com\/vega\/?p=394"},"modified":"2025-04-14T15:13:35","modified_gmt":"2025-04-14T13:13:35","slug":"tres-bon-debut-de-saison-ucf42-le-president-montre-lexemple","status":"publish","type":"post","link":"https:\/\/www.ucf42.com\/vega\/tres-bon-debut-de-saison-ucf42-le-president-montre-lexemple\/","title":{"rendered":"Tr\u00e8s bon d\u00e9but de saison UCF42 &#8211; Le pr\u00e9sident montre l&rsquo;exemple !"},"content":{"rendered":"\n<p><\/p>\n\n\n<div class=\"wp-block-image\">\n<figure class=\"aligncenter size-large is-resized\"><img loading=\"lazy\" decoding=\"async\" width=\"1024\" height=\"682\" src=\"https:\/\/www.ucf42.com\/vega\/wp-content\/uploads\/Photo-victoire-Pierrick-CIGOLOTTI-Piste-des-chars-le-230325-1024x682.jpg\" alt=\"\" class=\"wp-image-395\" style=\"width:526px;height:auto\" srcset=\"https:\/\/www.ucf42.com\/vega\/wp-content\/uploads\/Photo-victoire-Pierrick-CIGOLOTTI-Piste-des-chars-le-230325-1024x682.jpg 1024w, https:\/\/www.ucf42.com\/vega\/wp-content\/uploads\/Photo-victoire-Pierrick-CIGOLOTTI-Piste-des-chars-le-230325-300x200.jpg 300w, https:\/\/www.ucf42.com\/vega\/wp-content\/uploads\/Photo-victoire-Pierrick-CIGOLOTTI-Piste-des-chars-le-230325-768x512.jpg 768w, https:\/\/www.ucf42.com\/vega\/wp-content\/uploads\/Photo-victoire-Pierrick-CIGOLOTTI-Piste-des-chars-le-230325-1536x1023.jpg 1536w, https:\/\/www.ucf42.com\/vega\/wp-content\/uploads\/Photo-victoire-Pierrick-CIGOLOTTI-Piste-des-chars-le-230325.jpg 1600w\" sizes=\"auto, (max-width: 1024px) 100vw, 1024px\" \/><figcaption class=\"wp-element-caption\">Victoire de Pierrick CIGOLOTTI \u00e0 la piste des chars le 23 mars<\/figcaption><\/figure>\n<\/div>\n\n\n<p>Apr\u00e8s la premi\u00e8re victoire de notre leader Pierrick CIGOLOTTI le jour de l&rsquo;ouverture de la saison \u00e0 la ZI Bonvert de Mably le 2 mars dernier, nos coursiers ont enchain\u00e9 les bons r\u00e9sultats.<\/p>\n\n\n\n<p>Lors de notre organisation du prix FSGT de Montrond le 8 mars, victoire en cadets (2\u00e8me au scratch avec 2 tours d&rsquo;avance sur le peloton&#8230;) de notre jeune Louis CREGNIOT, bravo Louis !<\/p>\n\n\n\n<p>Seconde place du pr\u00e9sident Claude GERBAUD, toujours \u00e0 Montrond le 8 mars&#8230; un peu d\u00e9\u00e7u de ne pas gagner sur \u00ab\u00a0sa course\u00a0\u00bb dans \u00ab\u00a0sa commune\u00a0\u00bb&#8230; mais positif tout de m\u00eame !<\/p>\n\n\n\n<p>Notre leader Pierrick CIGOLOTTI a poursuivi sur sa super dynamique de d\u00e9but de saison en allant gagner magistralement, \u00e0 plus de 45 km\/h de moyenne, la course de la \u00ab\u00a0piste des chars\u00a0\u00bb de Roanne le 23 mars apr\u00e8s un sprint d&rsquo;une maitrise totale, bravo Pierrick !<\/p>\n\n\n\n<p>Ensuite notre m\u00e9decin-osth\u00e9o Vivien NAGODE, associ\u00e9 \u00e0 un de ses coll\u00e8gues est all\u00e9 remporter \u00ab\u00a0l&rsquo;aventuraid\u00a0\u00bb (100 km de VTT pour Vivien et 20 km de trail pour son coll\u00e8gue) de l&rsquo;EDHEC \u00e0 Fontainebleau le 30 mars, vraiment top !<\/p>\n\n\n\n<p>Le 6 avril, le pr\u00e9sident Claude GERBAUD a montr\u00e9 l&rsquo;exemple en allant s&rsquo;imposer cette fois (oubli\u00e9 la frustration de la seconde place \u00e0 Montrond&#8230;) dans la difficile course de La Gimond au terme d&rsquo;une \u00e9chapp\u00e9e \u00e0 10 puis 3 puis 2 et conclue par un joli sprint dans la bosse d&rsquo;arriv\u00e9e.<\/p>\n\n\n\n<p>Pierrick CIGOLOTTI faisant un joli top 4 dans la cat\u00e9gorie reine toujours \u00e0 la Gimond<\/p>\n\n\n\n<p>Et ce dimanche 13 avril, sous une pluie battante, Cyril JACQUEMOND, d\u00e9j\u00e0 auteur de plusieurs top 10 en cat\u00e9gorie 3 depuis le d\u00e9but de saison, dont une 6\u00e8me place sur le difficile parcours de la Gimond&#8230; remporte la course de Chalain le Comtal en r\u00e9glant sur la ligne son compagnon d&rsquo;\u00e9chapp\u00e9e, du ROC, lors d&rsquo;un joli sprint&#8230; tr\u00e8s humide&#8230; Bravo Cyril qui, avec cette belle victoire, r\u00e9int\u00e8gre la cat\u00e9gorie reine \u00e0 nouveau cette ann\u00e9e !<\/p>\n\n\n\n<p>Des victoires&#8230; mais pas que&#8230; de jolis podiums \u00e9galement, apr\u00e8s sa 2nde place \u00e0 la ZI Bonvert en mars, Fred RAULT terminant 2\u00e8me d&rsquo;une course UFOLEP dans sa famille en Allier et Sylvain FORISSIER, notre champion de France de cross country depuis le 23 f\u00e9vrier dernier, repartant en qu\u00eate d&rsquo;un nouveau titre, sur le 10 km hors stade, le r\u00e9sultat \u00e9tant un magnifique titre de vice-champion de France le 6 avril \u00e0 Vitry sur Seine.<\/p>\n\n\n\n<p>Tout cela compl\u00e9t\u00e9 par de nombreux top 10, de Pierrick CIGOLOTTI, Cyril JACQUEMOND, Sandy CHEVRIER, Fred FAYARD, Jean Pierre BRUNEL, Jean GUILLAUME, Didier TALOBRE et Louis CREGNIOT, par ailleurs s\u00e9lectionn\u00e9 dans l&rsquo;\u00e9quipe de la Loire cadet FFC de contre la montre&#8230;<\/p>\n\n\n\n<p>Entre la saison hivernale et ce beau d\u00e9but de saison, nous sommes d\u00e9j\u00e0 \u00e0 8 victoires, 6 places de 2\u00e8me et de nombreux top 10 !<\/p>\n\n\n\n<p>Bravo \u00e0 nos coursiers, quel magnifique club UCF42 !<\/p>\n\n\n\n<p>On va y arriver !<\/p>\n\n\n<div class=\"wp-block-image\">\n<figure class=\"aligncenter size-large is-resized\"><img loading=\"lazy\" decoding=\"async\" width=\"879\" height=\"1024\" src=\"https:\/\/www.ucf42.com\/vega\/wp-content\/uploads\/Photo-podium-victoire-Louis-CREGNIOT-Montrond-le-8-mars-879x1024.jpg\" alt=\"\" class=\"wp-image-396\" style=\"width:492px;height:auto\" srcset=\"https:\/\/www.ucf42.com\/vega\/wp-content\/uploads\/Photo-podium-victoire-Louis-CREGNIOT-Montrond-le-8-mars-879x1024.jpg 879w, https:\/\/www.ucf42.com\/vega\/wp-content\/uploads\/Photo-podium-victoire-Louis-CREGNIOT-Montrond-le-8-mars-257x300.jpg 257w, https:\/\/www.ucf42.com\/vega\/wp-content\/uploads\/Photo-podium-victoire-Louis-CREGNIOT-Montrond-le-8-mars-768x895.jpg 768w, https:\/\/www.ucf42.com\/vega\/wp-content\/uploads\/Photo-podium-victoire-Louis-CREGNIOT-Montrond-le-8-mars.jpg 1172w\" sizes=\"auto, (max-width: 879px) 100vw, 879px\" \/><figcaption class=\"wp-element-caption\">Louis CREGNIOT vainqueur \u00e0 Montrond<\/figcaption><\/figure>\n<\/div>\n\n<div class=\"wp-block-image\">\n<figure class=\"aligncenter size-large is-resized\"><img loading=\"lazy\" decoding=\"async\" width=\"768\" height=\"1024\" src=\"https:\/\/www.ucf42.com\/vega\/wp-content\/uploads\/Photo-podium-2eme-place-Claude-GERBAUD-Montrond-le-8-mars-768x1024.jpg\" alt=\"\" class=\"wp-image-397\" style=\"width:495px;height:auto\" srcset=\"https:\/\/www.ucf42.com\/vega\/wp-content\/uploads\/Photo-podium-2eme-place-Claude-GERBAUD-Montrond-le-8-mars-768x1024.jpg 768w, https:\/\/www.ucf42.com\/vega\/wp-content\/uploads\/Photo-podium-2eme-place-Claude-GERBAUD-Montrond-le-8-mars-225x300.jpg 225w, https:\/\/www.ucf42.com\/vega\/wp-content\/uploads\/Photo-podium-2eme-place-Claude-GERBAUD-Montrond-le-8-mars-1152x1536.jpg 1152w, https:\/\/www.ucf42.com\/vega\/wp-content\/uploads\/Photo-podium-2eme-place-Claude-GERBAUD-Montrond-le-8-mars.jpg 1200w\" sizes=\"auto, (max-width: 768px) 100vw, 768px\" \/><figcaption class=\"wp-element-caption\">Claude GERBAUD 2\u00e8me \u00e0 Montrond<\/figcaption><\/figure>\n<\/div>\n\n\n<p><\/p>\n\n\n\n<figure class=\"wp-block-image size-large\"><img loading=\"lazy\" decoding=\"async\" width=\"1024\" height=\"682\" src=\"https:\/\/www.ucf42.com\/vega\/wp-content\/uploads\/Photo-victoire-Pierrick-CIGOLOTTI-Piste-des-chars-le-230325-1-1024x682.jpg\" alt=\"\" class=\"wp-image-398\" srcset=\"https:\/\/www.ucf42.com\/vega\/wp-content\/uploads\/Photo-victoire-Pierrick-CIGOLOTTI-Piste-des-chars-le-230325-1-1024x682.jpg 1024w, https:\/\/www.ucf42.com\/vega\/wp-content\/uploads\/Photo-victoire-Pierrick-CIGOLOTTI-Piste-des-chars-le-230325-1-300x200.jpg 300w, https:\/\/www.ucf42.com\/vega\/wp-content\/uploads\/Photo-victoire-Pierrick-CIGOLOTTI-Piste-des-chars-le-230325-1-768x512.jpg 768w, https:\/\/www.ucf42.com\/vega\/wp-content\/uploads\/Photo-victoire-Pierrick-CIGOLOTTI-Piste-des-chars-le-230325-1-1536x1023.jpg 1536w, https:\/\/www.ucf42.com\/vega\/wp-content\/uploads\/Photo-victoire-Pierrick-CIGOLOTTI-Piste-des-chars-le-230325-1.jpg 1600w\" sizes=\"auto, (max-width: 1024px) 100vw, 1024px\" \/><figcaption class=\"wp-element-caption\">Pierrick CIGOLOTTI remportant le sprint de la course de la piste des chars \u00e0 Mably<\/figcaption><\/figure>\n\n\n\n<figure class=\"wp-block-image size-large\"><img loading=\"lazy\" decoding=\"async\" width=\"1024\" height=\"683\" src=\"https:\/\/www.ucf42.com\/vega\/wp-content\/uploads\/Photo-podium-victoire-Pierrick-CIGOLOTTI-Piste-des-chars-le-230325-1024x683.jpg\" alt=\"\" class=\"wp-image-399\" srcset=\"https:\/\/www.ucf42.com\/vega\/wp-content\/uploads\/Photo-podium-victoire-Pierrick-CIGOLOTTI-Piste-des-chars-le-230325-1024x683.jpg 1024w, https:\/\/www.ucf42.com\/vega\/wp-content\/uploads\/Photo-podium-victoire-Pierrick-CIGOLOTTI-Piste-des-chars-le-230325-300x200.jpg 300w, https:\/\/www.ucf42.com\/vega\/wp-content\/uploads\/Photo-podium-victoire-Pierrick-CIGOLOTTI-Piste-des-chars-le-230325-768x512.jpg 768w, https:\/\/www.ucf42.com\/vega\/wp-content\/uploads\/Photo-podium-victoire-Pierrick-CIGOLOTTI-Piste-des-chars-le-230325.jpg 1080w\" sizes=\"auto, (max-width: 1024px) 100vw, 1024px\" \/><figcaption class=\"wp-element-caption\">Pierrick CIGOLOTTI vainqueur \u00e0 la piste des chars \u00e0 Mably le 23 mars<\/figcaption><\/figure>\n\n\n\n<figure class=\"wp-block-image size-large\"><img loading=\"lazy\" decoding=\"async\" width=\"1024\" height=\"768\" src=\"https:\/\/www.ucf42.com\/vega\/wp-content\/uploads\/Photo-podium-victoire-Vivien-NAGODE-Aventuraid-EDHEC-Fontainebleau_300325-1024x768.jpg\" alt=\"\" class=\"wp-image-400\" srcset=\"https:\/\/www.ucf42.com\/vega\/wp-content\/uploads\/Photo-podium-victoire-Vivien-NAGODE-Aventuraid-EDHEC-Fontainebleau_300325-1024x768.jpg 1024w, https:\/\/www.ucf42.com\/vega\/wp-content\/uploads\/Photo-podium-victoire-Vivien-NAGODE-Aventuraid-EDHEC-Fontainebleau_300325-300x225.jpg 300w, https:\/\/www.ucf42.com\/vega\/wp-content\/uploads\/Photo-podium-victoire-Vivien-NAGODE-Aventuraid-EDHEC-Fontainebleau_300325-768x576.jpg 768w, https:\/\/www.ucf42.com\/vega\/wp-content\/uploads\/Photo-podium-victoire-Vivien-NAGODE-Aventuraid-EDHEC-Fontainebleau_300325-1536x1152.jpg 1536w, https:\/\/www.ucf42.com\/vega\/wp-content\/uploads\/Photo-podium-victoire-Vivien-NAGODE-Aventuraid-EDHEC-Fontainebleau_300325.jpg 1600w\" sizes=\"auto, (max-width: 1024px) 100vw, 1024px\" \/><figcaption class=\"wp-element-caption\">Vivien NAGODE victorieux \u00e0 \u00ab\u00a0l&rsquo;Aventuraid\u00a0\u00bb de Fontainebleau le 30 mars<\/figcaption><\/figure>\n\n\n\n<figure class=\"wp-block-image size-full\"><img loading=\"lazy\" decoding=\"async\" width=\"972\" height=\"968\" src=\"https:\/\/www.ucf42.com\/vega\/wp-content\/uploads\/Photo-Vivien-NAGODE-en-tenue-UCF42-avec-le-VTT.jpg\" alt=\"\" class=\"wp-image-401\" srcset=\"https:\/\/www.ucf42.com\/vega\/wp-content\/uploads\/Photo-Vivien-NAGODE-en-tenue-UCF42-avec-le-VTT.jpg 972w, https:\/\/www.ucf42.com\/vega\/wp-content\/uploads\/Photo-Vivien-NAGODE-en-tenue-UCF42-avec-le-VTT-300x300.jpg 300w, https:\/\/www.ucf42.com\/vega\/wp-content\/uploads\/Photo-Vivien-NAGODE-en-tenue-UCF42-avec-le-VTT-150x150.jpg 150w, https:\/\/www.ucf42.com\/vega\/wp-content\/uploads\/Photo-Vivien-NAGODE-en-tenue-UCF42-avec-le-VTT-768x765.jpg 768w\" sizes=\"auto, (max-width: 972px) 100vw, 972px\" \/><figcaption class=\"wp-element-caption\">Vivien NAGODE, notre m\u00e9decin-osth\u00e9o, vainqueur \u00e0 Fontainebleau<\/figcaption><\/figure>\n\n\n\n<figure class=\"wp-block-image size-large\"><img loading=\"lazy\" decoding=\"async\" width=\"1024\" height=\"683\" src=\"https:\/\/www.ucf42.com\/vega\/wp-content\/uploads\/Photo-victoire-Claude-GERBAUD-La-Gimond-1024x683.jpg\" alt=\"\" class=\"wp-image-402\" srcset=\"https:\/\/www.ucf42.com\/vega\/wp-content\/uploads\/Photo-victoire-Claude-GERBAUD-La-Gimond-1024x683.jpg 1024w, https:\/\/www.ucf42.com\/vega\/wp-content\/uploads\/Photo-victoire-Claude-GERBAUD-La-Gimond-300x200.jpg 300w, https:\/\/www.ucf42.com\/vega\/wp-content\/uploads\/Photo-victoire-Claude-GERBAUD-La-Gimond-768x512.jpg 768w, https:\/\/www.ucf42.com\/vega\/wp-content\/uploads\/Photo-victoire-Claude-GERBAUD-La-Gimond.jpg 1080w\" sizes=\"auto, (max-width: 1024px) 100vw, 1024px\" \/><figcaption class=\"wp-element-caption\">Claude GERBAUD vainqueur \u00e0 La Gimond le 6 avril<\/figcaption><\/figure>\n\n\n<div class=\"wp-block-image\">\n<figure class=\"aligncenter size-large is-resized\"><img loading=\"lazy\" decoding=\"async\" width=\"683\" height=\"1024\" src=\"https:\/\/www.ucf42.com\/vega\/wp-content\/uploads\/Photo-podium-victoire-Claude-GERBAUD-La-Gimond-683x1024.jpg\" alt=\"\" class=\"wp-image-403\" style=\"width:305px;height:auto\" srcset=\"https:\/\/www.ucf42.com\/vega\/wp-content\/uploads\/Photo-podium-victoire-Claude-GERBAUD-La-Gimond-683x1024.jpg 683w, https:\/\/www.ucf42.com\/vega\/wp-content\/uploads\/Photo-podium-victoire-Claude-GERBAUD-La-Gimond-200x300.jpg 200w, https:\/\/www.ucf42.com\/vega\/wp-content\/uploads\/Photo-podium-victoire-Claude-GERBAUD-La-Gimond-768x1151.jpg 768w, https:\/\/www.ucf42.com\/vega\/wp-content\/uploads\/Photo-podium-victoire-Claude-GERBAUD-La-Gimond-1025x1536.jpg 1025w, https:\/\/www.ucf42.com\/vega\/wp-content\/uploads\/Photo-podium-victoire-Claude-GERBAUD-La-Gimond.jpg 1080w\" sizes=\"auto, (max-width: 683px) 100vw, 683px\" \/><figcaption class=\"wp-element-caption\">Claude GERBAUD \u00e0 La Gimond<\/figcaption><\/figure>\n<\/div>\n\n\n<figure class=\"wp-block-image size-large\"><img loading=\"lazy\" decoding=\"async\" width=\"1024\" height=\"683\" src=\"https:\/\/www.ucf42.com\/vega\/wp-content\/uploads\/Photo-victoire-Cyril-JACQUEMOND-Chalain-le-Comtal-le-130425-1024x683.jpg\" alt=\"\" class=\"wp-image-404\" srcset=\"https:\/\/www.ucf42.com\/vega\/wp-content\/uploads\/Photo-victoire-Cyril-JACQUEMOND-Chalain-le-Comtal-le-130425-1024x683.jpg 1024w, https:\/\/www.ucf42.com\/vega\/wp-content\/uploads\/Photo-victoire-Cyril-JACQUEMOND-Chalain-le-Comtal-le-130425-300x200.jpg 300w, https:\/\/www.ucf42.com\/vega\/wp-content\/uploads\/Photo-victoire-Cyril-JACQUEMOND-Chalain-le-Comtal-le-130425-768x512.jpg 768w, https:\/\/www.ucf42.com\/vega\/wp-content\/uploads\/Photo-victoire-Cyril-JACQUEMOND-Chalain-le-Comtal-le-130425.jpg 1080w\" sizes=\"auto, (max-width: 1024px) 100vw, 1024px\" \/><figcaption class=\"wp-element-caption\">Cyril JACQUEMOND vainqueur au sprint \u00e0 Chalain le Comtal le 13 avril<\/figcaption><\/figure>\n\n\n\n<figure class=\"wp-block-image size-large\"><img loading=\"lazy\" decoding=\"async\" width=\"1024\" height=\"683\" src=\"https:\/\/www.ucf42.com\/vega\/wp-content\/uploads\/Photo-podium-victoire-Cyril-JACQUEMOND-Chalain-le-Comtal-le-130425-1024x683.jpg\" alt=\"\" class=\"wp-image-405\" srcset=\"https:\/\/www.ucf42.com\/vega\/wp-content\/uploads\/Photo-podium-victoire-Cyril-JACQUEMOND-Chalain-le-Comtal-le-130425-1024x683.jpg 1024w, https:\/\/www.ucf42.com\/vega\/wp-content\/uploads\/Photo-podium-victoire-Cyril-JACQUEMOND-Chalain-le-Comtal-le-130425-300x200.jpg 300w, https:\/\/www.ucf42.com\/vega\/wp-content\/uploads\/Photo-podium-victoire-Cyril-JACQUEMOND-Chalain-le-Comtal-le-130425-768x512.jpg 768w, https:\/\/www.ucf42.com\/vega\/wp-content\/uploads\/Photo-podium-victoire-Cyril-JACQUEMOND-Chalain-le-Comtal-le-130425.jpg 1080w\" sizes=\"auto, (max-width: 1024px) 100vw, 1024px\" \/><figcaption class=\"wp-element-caption\">Cyril JACQUEMOND vainqueur \u00e0 Chalain le Comtal le 13 avril<\/figcaption><\/figure>\n\n\n\n<figure class=\"wp-block-image size-large\"><img loading=\"lazy\" decoding=\"async\" width=\"1024\" height=\"768\" src=\"https:\/\/www.ucf42.com\/vega\/wp-content\/uploads\/Photo-podium-Sylvain-FORISSIER-vice-Champion-de-France-10-km-hors-stade-le-060425-a-Vitry-sur-Seine-1024x768.jpg\" alt=\"\" class=\"wp-image-406\" srcset=\"https:\/\/www.ucf42.com\/vega\/wp-content\/uploads\/Photo-podium-Sylvain-FORISSIER-vice-Champion-de-France-10-km-hors-stade-le-060425-a-Vitry-sur-Seine-1024x768.jpg 1024w, https:\/\/www.ucf42.com\/vega\/wp-content\/uploads\/Photo-podium-Sylvain-FORISSIER-vice-Champion-de-France-10-km-hors-stade-le-060425-a-Vitry-sur-Seine-300x225.jpg 300w, https:\/\/www.ucf42.com\/vega\/wp-content\/uploads\/Photo-podium-Sylvain-FORISSIER-vice-Champion-de-France-10-km-hors-stade-le-060425-a-Vitry-sur-Seine-768x576.jpg 768w, https:\/\/www.ucf42.com\/vega\/wp-content\/uploads\/Photo-podium-Sylvain-FORISSIER-vice-Champion-de-France-10-km-hors-stade-le-060425-a-Vitry-sur-Seine-1536x1152.jpg 1536w, https:\/\/www.ucf42.com\/vega\/wp-content\/uploads\/Photo-podium-Sylvain-FORISSIER-vice-Champion-de-France-10-km-hors-stade-le-060425-a-Vitry-sur-Seine.jpg 1600w\" sizes=\"auto, (max-width: 1024px) 100vw, 1024px\" \/><figcaption class=\"wp-element-caption\">Sylvain FORISSIER vice-champion de France du 10 km hors stade \u00e0 Vitry sur Seine<\/figcaption><\/figure>\n","protected":false},"excerpt":{"rendered":"<p>Apr\u00e8s la premi\u00e8re victoire de notre leader Pierrick CIGOLOTTI le jour de l&rsquo;ouverture de la saison \u00e0 la ZI Bonvert de Mably le 2 mars dernier, nos coursiers ont enchain\u00e9 les bons r\u00e9sultats. Lors de notre organisation du prix FSGT de Montrond le 8 mars, victoire en cadets (2\u00e8me au scratch avec 2 tours d&rsquo;avance [&hellip;]<\/p>\n","protected":false},"author":3,"featured_media":407,"comment_status":"closed","ping_status":"open","sticky":false,"template":"","format":"standard","meta":{"footnotes":""},"categories":[8,11,12,10],"tags":[],"class_list":{"0":"post-394","1":"post","2":"type-post","3":"status-publish","4":"format-standard","5":"has-post-thumbnail","7":"category-actualites","8":"category-resultats","9":"category-resultats-2025","10":"category-ucf42-com","11":"czr-hentry"},"_links":{"self":[{"href":"https:\/\/www.ucf42.com\/vega\/wp-json\/wp\/v2\/posts\/394","targetHints":{"allow":["GET"]}}],"collection":[{"href":"https:\/\/www.ucf42.com\/vega\/wp-json\/wp\/v2\/posts"}],"about":[{"href":"https:\/\/www.ucf42.com\/vega\/wp-json\/wp\/v2\/types\/post"}],"author":[{"embeddable":true,"href":"https:\/\/www.ucf42.com\/vega\/wp-json\/wp\/v2\/users\/3"}],"replies":[{"embeddable":true,"href":"https:\/\/www.ucf42.com\/vega\/wp-json\/wp\/v2\/comments?post=394"}],"version-history":[{"count":2,"href":"https:\/\/www.ucf42.com\/vega\/wp-json\/wp\/v2\/posts\/394\/revisions"}],"predecessor-version":[{"id":410,"href":"https:\/\/www.ucf42.com\/vega\/wp-json\/wp\/v2\/posts\/394\/revisions\/410"}],"wp:featuredmedia":[{"embeddable":true,"href":"https:\/\/www.ucf42.com\/vega\/wp-json\/wp\/v2\/media\/407"}],"wp:attachment":[{"href":"https:\/\/www.ucf42.com\/vega\/wp-json\/wp\/v2\/media?parent=394"}],"wp:term":[{"taxonomy":"category","embeddable":true,"href":"https:\/\/www.ucf42.com\/vega\/wp-json\/wp\/v2\/categories?post=394"},{"taxonomy":"post_tag","embeddable":true,"href":"https:\/\/www.ucf42.com\/vega\/wp-json\/wp\/v2\/tags?post=394"}],"curies":[{"name":"wp","href":"https:\/\/api.w.org\/{rel}","templated":true}]}}