{"id":351,"date":"2025-02-24T17:37:25","date_gmt":"2025-02-24T16:37:25","guid":{"rendered":"http:\/\/www.ucf42.com\/blog\/?p=351"},"modified":"2025-02-24T17:37:27","modified_gmt":"2025-02-24T16:37:27","slug":"bienvenu-sur-le-site-de-lucf-42","status":"publish","type":"post","link":"https:\/\/www.ucf42.com\/blog\/index.php\/2025\/02\/24\/bienvenu-sur-le-site-de-lucf-42\/","title":{"rendered":"Bienvenue sur les archives de l&#8217;ancien site de l&#8217;UCF 42"},"content":{"rendered":"<p><a href=\"https:\/\/www.ucf42.com\/vega\" target=\"_blank\" rel=\"noopener\"><b>\u00a0 \u00a0 \u00a0Cliquez ici pour aller sur notre nouveau site<\/b><\/a><br \/>\n<b>\u00a0\u00a0\u00a0\u00a0\u00a0 <\/b><br \/>\n<b> \u00a0\u00a0\u00a0\u00a0\u00a0<\/b><br \/>\n<b><i>Info g\u00e9n\u00e9rale<\/i><\/b><span style=\"font-weight: 400;\">\u00a0:<\/span><\/p>\n<p><span style=\"font-weight: 400;\">L\u2019Union Cycliste Forez 42 (UCF42) est un club (association loi 1901) de pratique du cyclisme amateur, comp\u00e9tition et cyclo-sportif.<\/span><\/p>\n<p><span style=\"font-weight: 400;\">Le club est affili\u00e9 \u00e0 2 f\u00e9d\u00e9rations\u00a0:<\/span><\/p>\n<ul>\n<li style=\"list-style-type: none;\">\n<ul>\n<li style=\"font-weight: 400;\"><span style=\"font-weight: 400;\">La F\u00e9d\u00e9ration Fran\u00e7aise de Cyclisme (FFC) au sein du comit\u00e9 r\u00e9gional Auvergne Rh\u00f4ne Alpes et du comit\u00e9 d\u00e9partemental de la Loire.<\/span><\/li>\n<\/ul>\n<\/li>\n<\/ul>\n<ul>\n<li style=\"font-weight: 400;\"><span style=\"font-weight: 400;\">La F\u00e9d\u00e9ration Sportive et Gymnique du Travail (FSGT) au sein du comit\u00e9 d\u00e9partemental de la Loire.<\/span><\/li>\n<\/ul>\n<p><span style=\"font-weight: 400;\">Le club est \u00e9galement partenaire de la F\u00e9d\u00e9ration Fran\u00e7aise Handisport (FFH) via St Etienne Handisport. Le club a deux \u00ab\u00a0tandems handisport\u00a0\u00bb qui participent aux \u00e9preuves nationales.<\/span><\/p>\n<p><span style=\"font-weight: 400;\">Contact\u00a0: <\/span><\/p>\n<ul>\n<li style=\"list-style-type: none;\">\n<ul>\n<li style=\"font-weight: 400;\"><span style=\"font-weight: 400;\">Pr\u00e9sident\u00a0: Claude GERBAUD\u00a0: 06 70 76 66 42 &#8211;<\/span> <a href=\"mailto:president@ucf42.com\"><span style=\"font-weight: 400;\">president@ucf42.com<\/span><\/a><\/li>\n<\/ul>\n<\/li>\n<\/ul>\n<ul>\n<li style=\"font-weight: 400;\"><span style=\"font-weight: 400;\">Secr\u00e9taire\u00a0: Herv\u00e9 NICOLAS\u00a0: 06 67 90 13 89 &#8211;<\/span> <a href=\"mailto:secretaire@ucf42.com\"><span style=\"font-weight: 400;\">secretaire@ucf42.com<\/span><\/a><\/li>\n<\/ul>\n<p><b><i>Pr\u00e9sentation simplifi\u00e9e du club et de son \u00ab\u00a0\u00e9tat d\u2019esprit\u00a0\u00bb\u00a0: <\/i><\/b><\/p>\n<p><span style=\"font-weight: 400;\">Notre club est partenaire avec 4 communes\u00a0: Montrond les Bains, Veauche, Veauchette et St Romain le Puy ainsi qu\u2019avec le Conseil D\u00e9partemental de la Loire, notamment pour notre activit\u00e9 Handisport.<\/span><\/p>\n<p><span style=\"font-weight: 400;\">Nous sommes \u00e9galement partenaires avec plusieurs commer\u00e7ants et Entreprises du d\u00e9partement (voir la rubrique \u00ab\u00a0partenaires\u00a0\u00bb).<\/span><\/p>\n<p><span style=\"font-weight: 400;\">Nous sommes tr\u00e8s fiers de ces partenariats et nous essayons, en permanence, de porter haut les couleurs du club, tant dans nos r\u00e9sultats que dans nos organisations et les diverses manifestations cyclistes d\u00e9partementales ou r\u00e9gionales voire nationales.<\/span><\/p>\n<p><span style=\"font-weight: 400;\">Nous respectons au plus haut point nos partenaires, tr\u00e8s pr\u00e9cieux\u2026 sans partenaires\u2026 pas de club\u00a0!<\/span><\/p>\n<p><span style=\"font-weight: 400;\">Nous sommes\u00a065 membres actifs en 2019 dont plusieurs encadrants (dipl\u00f4m\u00e9 d\u2019Etat, dipl\u00f4m\u00e9s f\u00e9d\u00e9raux, commissaires-arbitres, motards officiels\u2026). <\/span><\/p>\n<p><span style=\"font-weight: 400;\">Notre club est un club de comp\u00e9titeurs mais int\u00e8gre \u00e9galement des membres qui roulent avec les coureurs sans faire eux m\u00eame de courses.<\/span><\/p>\n<p><span style=\"font-weight: 400;\">Nous avons des membres de tous les \u00e2ges (de junior \u00e0 \u00ab\u00a0ancien\u00a0\u00bb).<\/span><\/p>\n<p><span style=\"font-weight: 400;\">Nous avons des coureurs de niveau d\u00e9partemental et r\u00e9gional (principalement en FSGT) avec de tr\u00e8s nombreuses victoires mais \u00e9galement des coureurs FFC. Notre belle \u00e9quipe \u00ab\u00a0Elite\u00a0\u00bb nationale qui a\u00a0eu de tr\u00e8s beaux r\u00e9sultats\u00a0de 2015 \u00e0 2018 est moins riche maintenant, le club a accompagn\u00e9 ses meilleurs coureurs vers des grands clubs, dont Nathana\u00ebl GERY vers un contrat semi-professionnel au CR4C de Roanne.\u00a0<\/span><\/p>\n<p><span style=\"font-weight: 400;\">Nous organisons \u00e9galement 12 courses chaque ann\u00e9e depuis\u00a06 ans dont 1 \u00e9preuve nationale handisport sur 2 jours \u00e0 Veauchette d\u00e9but avril (depuis plus de trente ans\u2026),\u00a05 \u00e9preuves sur Montrond les Bains\u00a0: 2 courses FSGT sur route en mars, 1 \u00ab\u00a0Endurance VTT\u00a0\u00bb autour du ch\u00e2teau de Montrond en septembre, 1 cyclo-cross dans le pr\u00e9 du parc du ch\u00e2teau en octobre et bien s\u00fbr le\u00a0crit\u00e9rium national FFC (depuis plus de 40 ans\u2026), renforc\u00e9,\u00a0depuis 2018 par une \u00e9preuve FFC d\u00e9di\u00e9e aux f\u00e9minines en ouverture du crit\u00e9rium, \u00a0le WE de la f\u00eate patronale en semi nocturne \u00e0 18H (\u00e9preuve f\u00e9minine \u00e0 16H), en ao\u00fbt, cette \u00e9preuve a \u00e9t\u00e9 gagn\u00e9 ces derni\u00e8res ann\u00e9es par des polonais et un n\u00e9o-z\u00e9landais). Nous organisons \u00e9galement\u00a01 autre Grand Prix national FFC\u00a0: Veauche le troisi\u00e8me lundi de juillet (f\u00eate des verriers).<\/span><\/p>\n<p><span style=\"font-weight: 400;\">Nos organisations font assez r\u00e9f\u00e9rence depuis quelques ann\u00e9es, notamment concernant la s\u00e9curit\u00e9.<\/span><\/p>\n<p><span style=\"font-weight: 400;\">Depuis 2016, nous organisons une nouvelle \u00e9preuve suppl\u00e9mentaire : le championnat d\u00e9partemental de contre la montre individuel FSGT (une premi\u00e8re dans la Loire\u2026) le dernier dimanche de septembre \u00e0 Veauchette\u2026 gros challenge car tr\u00e8s attendu des coureurs du d\u00e9partement\u2026<\/span><\/p>\n<p><span style=\"font-weight: 400;\">En 2015, nous avons obtenu 37 victoires et 72 podiums\u2026 <\/span><\/p>\n<p><span style=\"font-weight: 400;\">En 2016, 35 victoires (+3 sur des \u00e9preuves annexes type mont\u00e9e chronom\u00e9tr\u00e9e ou duathlon) et 47 podiums sans compter les innombrables places d\u2019honneur dans les 10 premiers.<\/span><\/p>\n<p><span style=\"font-weight: 400;\">Nous sommes tr\u00e8s fiers de ces r\u00e9sultats, des d\u00e9partementaux FSGT aux \u00ab\u00a0Elites\u00a0\u00bb FFC.<\/span><\/p>\n<p><span style=\"font-weight: 400;\">Notre tandem handisport Yves BAYON &amp; Pierre FULCHIRON a obtenu 7 titres de champion de France ces derni\u00e8res ann\u00e9es (vice-champions du contre la montre en 2016 malgr\u00e9 une crevaison\u2026).<\/span><\/p>\n<p><span style=\"font-weight: 400;\">Ils ont \u00e9galement gagn\u00e9 la coupe de France 2015 et 2016, au sratch, devant des tandems bien plus jeunes qu\u2019eux et de cat\u00e9gorie Elite\u2026<\/span><\/p>\n<p>Depuis 2017, le club a 2 tandems handisport :<\/p>\n<ul>\n<li>Laurent HUYGHE et Pierre FULCHIRON, vainqueurs de la coupe de France v\u00e9t\u00e9ran et vice-champions de France en 2017 et 2018<\/li>\n<li>Yves BAYON et Eric MARCHAND, 3\u00e8mes du championnat de France 2018 et vainqueurs de la cyclo sportive \u201cLes Copains\u201d \u00e0 Ambert<\/li>\n<\/ul>\n<p>En 2017, pas moins de 65 victoires dont la coupe de France Handisport v\u00e9t\u00e9ran, le titre de vice-champion de France cyclo-cross individuel FSGT, le titre de champion de France de cyclo-cross par \u00e9quipes FSGT avec le comit\u00e9 de la Loire, le titre de champion d\u00e9partemental FFC 2 et vice champion r\u00e9gional Auvergne Rh\u00f4ne Alpes FFC 2, le titre de champion d\u00e9partemental et r\u00e9gional FSGT masculin Rh\u00f4ne Alpes, le titre de championne r\u00e9gional espoir f\u00e9minine Rh\u00f4ne Alpes FSGT, le titre de championne de la Loire de contre la montre FSGT,\u2026 ann\u00e9e record difficilement \u00e9galable\u2026<\/p>\n<p>En 2018, 59 victoires et 63 podiums dont la coupe de France Handisport et le tire de vice-champions de France Handisport v\u00e9t\u00e9rans, les titres de champion de la Loire cyclo-cross et route FSGT, le titre de champion r\u00e9gional FSGT (2017-2018), le titre de championne de la Loire de contre la montre individuel, 3\u00e8me place au championnat de France espoir f\u00e9minine FSGT, 4\u00e8me place au championnat de France de contre la montre FSGT par \u00e9quipe avec le comit\u00e9 de la Loire\u2026<\/p>\n<p><span style=\"font-weight: 400;\">Notre leader Nathana\u00ebl GERY a \u00e9t\u00e9 champion r\u00e9gional Rh\u00f4ne Alpes espoir et vice-champion de France FSGT sur route en 2014, \u00e9galement champion d\u00e9partemental FFC 2 et vice champion r\u00e9gional Auvergne Rh\u00f4ne Alpes FFC 2<\/span><span style=\"font-weight: 400;\"> saison 2017. Nous l&#8217;avons accompagn\u00e9, en 2018, vers le grand club national CR4C Roanne o\u00f9 il a sign\u00e9 un contrat semi-professionnel.<\/span><\/p>\n<p>Notre \u00e9quipe FFC est en reconstruction, nous pr\u00e9parons l&#8217;avenir&#8230;<\/p>\n<p><span style=\"font-weight: 400;\">Nous sommes \u00e9galement tr\u00e8s fiers de l\u2019esprit de solidarit\u00e9 et de plaisir qui r\u00e8gne dans notre club, \u00e0 titre d\u2019exemple, les coureurs Elite viennent faire \u00ab\u00a0signaleurs\u00a0\u00bb (tenir un carrefour) pour les \u00e9preuves FSGT sur Montrond les Bains, nous avons \u00e9galement un \u00ab\u00a0syst\u00e8me de points\u00a0\u00bb qui int\u00e8gre bien s\u00fbr les participations et les r\u00e9sultats aux courses mais \u00e9galement le nombre de fois o\u00f9 chacun fait \u00ab\u00a0signaleur\u00a0\u00bb sur nos courses ou en entraide avec d\u2019autres club ou le comit\u00e9, ou pour le montage et\/ou d\u00e9montage lors de nos organisations\u2026 <\/span><\/p>\n<p><span style=\"font-weight: 400;\">En fin de saison, si les finances le permettent, nous injectons une somme et nous octroyons une aide, en fonction des points obtenus, cette aide peut payer la tenue de l\u2019ann\u00e9e suivante voire la licence pour ceux qui ont le plus de points\u2026 c\u2019est exactement \u00e7a l\u2019esprit UCF42\u00a0!<\/span><\/p>\n<p><span style=\"font-weight: 400;\">D\u2019ailleurs notre slogan est <\/span><b><i>\u00ab\u00a0on va y arriver\u00a0!\u00a0\u00bb.<\/i><\/b><\/p>\n<p><span style=\"font-weight: 400;\">Pour l\u2019instant, nous sommes sur une tr\u00e8s bonne dynamique, nous misons sur les jeunes puis nous transf\u00e9rons le relai aux grands clubs\u2026 <\/span><\/p>\n<p><span style=\"font-weight: 400;\">Le club int\u00e8gre un \u00ab\u00a0m\u00e9lange des genres\u00a0\u00bb entre les coursiers de haut niveau, les coureurs d\u00e9partementaux et r\u00e9gionaux et les personnes qui se font plaisir, par ex en participant chaque ann\u00e9e aux belles \u00e9preuves r\u00e9gionales type \u00ab\u00a0Les Copains\u00a0\u00bb \u00e0 Ambert, la Dominique Garde \u00e0 La Talaudi\u00e8re ou quelques autres cyclo sportives, d\u2019autres les grandes cyclo-sportives type Ard\u00e9choise ou l\u2019\u00e9tape du tour.<\/span><\/p>\n<p><span style=\"font-weight: 400;\">Ce qui est attrayant, c\u2019est que nous partageons les entrainements (surtout l\u2019hiver), les rendez-vous sont le samedi Apm, le dimanche matin et pour ceux qui le peuvent le mercredi Apm.<\/span><\/p>\n<p><span style=\"font-weight: 400;\">Pour r\u00e9sumer, <\/span><b><i>les maitres mots \u00e0 l\u2019UCF42 sont plaisir et solidarit\u00e9, dans le respect de chacun.<\/i><\/b><\/p>\n","protected":false},"excerpt":{"rendered":"<p>\u00a0 \u00a0 \u00a0Cliquez ici pour aller sur notre nouveau site \u00a0\u00a0\u00a0\u00a0\u00a0 \u00a0\u00a0\u00a0\u00a0\u00a0 Info g\u00e9n\u00e9rale\u00a0: L\u2019Union Cycliste Forez 42 (UCF42) est un club (association loi 1901) de pratique du cyclisme amateur, comp\u00e9tition et cyclo-sportif. Le club est affili\u00e9 \u00e0 2 f\u00e9d\u00e9rations\u00a0: La F\u00e9d\u00e9ration Fran\u00e7aise de Cyclisme (FFC) au sein du comit\u00e9 r\u00e9gional Auvergne Rh\u00f4ne Alpes et [&hellip;]<\/p>\n","protected":false},"author":1,"featured_media":52,"comment_status":"open","ping_status":"open","sticky":false,"template":"","format":"standard","meta":{"footnotes":""},"categories":[1,9],"tags":[],"class_list":{"0":"post-351","1":"post","2":"type-post","3":"status-publish","4":"format-standard","5":"has-post-thumbnail","7":"category-actualites","8":"category-la-com-du-president","9":"czr-hentry"},"_links":{"self":[{"href":"https:\/\/www.ucf42.com\/blog\/index.php\/wp-json\/wp\/v2\/posts\/351","targetHints":{"allow":["GET"]}}],"collection":[{"href":"https:\/\/www.ucf42.com\/blog\/index.php\/wp-json\/wp\/v2\/posts"}],"about":[{"href":"https:\/\/www.ucf42.com\/blog\/index.php\/wp-json\/wp\/v2\/types\/post"}],"author":[{"embeddable":true,"href":"https:\/\/www.ucf42.com\/blog\/index.php\/wp-json\/wp\/v2\/users\/1"}],"replies":[{"embeddable":true,"href":"https:\/\/www.ucf42.com\/blog\/index.php\/wp-json\/wp\/v2\/comments?post=351"}],"version-history":[{"count":21,"href":"https:\/\/www.ucf42.com\/blog\/index.php\/wp-json\/wp\/v2\/posts\/351\/revisions"}],"predecessor-version":[{"id":4120,"href":"https:\/\/www.ucf42.com\/blog\/index.php\/wp-json\/wp\/v2\/posts\/351\/revisions\/4120"}],"wp:featuredmedia":[{"embeddable":true,"href":"https:\/\/www.ucf42.com\/blog\/index.php\/wp-json\/wp\/v2\/media\/52"}],"wp:attachment":[{"href":"https:\/\/www.ucf42.com\/blog\/index.php\/wp-json\/wp\/v2\/media?parent=351"}],"wp:term":[{"taxonomy":"category","embeddable":true,"href":"https:\/\/www.ucf42.com\/blog\/index.php\/wp-json\/wp\/v2\/categories?post=351"},{"taxonomy":"post_tag","embeddable":true,"href":"https:\/\/www.ucf42.com\/blog\/index.php\/wp-json\/wp\/v2\/tags?post=351"}],"curies":[{"name":"wp","href":"https:\/\/api.w.org\/{rel}","templated":true}]}}