{"id":2261,"date":"2020-03-09T00:12:16","date_gmt":"2020-03-08T23:12:16","guid":{"rendered":"http:\/\/www.ucf42.com\/blog\/?p=2261"},"modified":"2024-07-03T16:53:21","modified_gmt":"2024-07-03T14:53:21","slug":"frederic-rault-offre-une-nouvelle-victoire-ucf42-a-commentry-03","status":"publish","type":"post","link":"https:\/\/www.ucf42.com\/blog\/index.php\/2020\/03\/09\/frederic-rault-offre-une-nouvelle-victoire-ucf42-a-commentry-03\/","title":{"rendered":"Fr\u00e9d\u00e9ric RAULT offre une nouvelle victoire \u00e0 l&#8217;UCF42 \u00e0 Commentry (03)"},"content":{"rendered":"<p><img loading=\"lazy\" decoding=\"async\" class=\"aligncenter wp-image-2262 size-large\" src=\"http:\/\/www.ucf42.com\/blog\/wp-content\/uploads\/2020\/03\/Podium-victoire-Fr\u00e9d\u00e9ric-RAULT-UFOLEP-Commentry-cat-4_080320-e1583709120284-1024x495.jpg\" alt=\"\" width=\"1024\" height=\"495\" srcset=\"https:\/\/www.ucf42.com\/blog\/wp-content\/uploads\/2020\/03\/Podium-victoire-Fr\u00e9d\u00e9ric-RAULT-UFOLEP-Commentry-cat-4_080320-e1583709120284-1024x495.jpg 1024w, https:\/\/www.ucf42.com\/blog\/wp-content\/uploads\/2020\/03\/Podium-victoire-Fr\u00e9d\u00e9ric-RAULT-UFOLEP-Commentry-cat-4_080320-e1583709120284-300x145.jpg 300w, https:\/\/www.ucf42.com\/blog\/wp-content\/uploads\/2020\/03\/Podium-victoire-Fr\u00e9d\u00e9ric-RAULT-UFOLEP-Commentry-cat-4_080320-e1583709120284-768x372.jpg 768w, https:\/\/www.ucf42.com\/blog\/wp-content\/uploads\/2020\/03\/Podium-victoire-Fr\u00e9d\u00e9ric-RAULT-UFOLEP-Commentry-cat-4_080320-e1583709120284.jpg 1478w\" sizes=\"auto, (max-width: 1024px) 100vw, 1024px\" \/><\/p>\n<p>Nouvelle victoire UCF42 ce week-end avec Fr\u00e9d\u00e9ric RAULT qui va s&#8217;imposer ce dimanche 8 mars \u00e0 Commentry, dans l&#8217;Allier, sur une course UFOLEP (pas de course FSGT dans&nbsp; notre d\u00e9partement ce WE du fait de l&#8217;annulation de Mably).<\/p>\n<p>En plus, de tr\u00e8s belle mani\u00e8re, Fr\u00e9d\u00e9ric part en effet au 4\u00e8me tour de la course avec un autre coureur qui ne r\u00e9sistera pas \u00e0 sa puissance dans l&#8217;\u00e9chapp\u00e9e, Fr\u00e9d\u00e9ric allant chercher une tr\u00e8s jolie victoire en solitaire, cela apr\u00e8s sa seconde place de la semaine derni\u00e8re \u00e0 Montrond en cat\u00e9gorie 4 FSGT&#8230; bravo Fred !<\/p>\n<p>Entre la saison hivernale, le prix d&#8217;ouverture de la semaine derni\u00e8re \u00e0 Montrond et cette jolie performance de Fr\u00e9d\u00e9ric, nous sommes d\u00e9j\u00e0 \u00e0 10 victoires sur cette saison 2019-2020 !<\/p>\n<p>On va y arriver !<\/p>\n","protected":false},"excerpt":{"rendered":"<p>Nouvelle victoire UCF42 ce week-end avec Fr\u00e9d\u00e9ric RAULT qui va s&#8217;imposer ce dimanche 8 mars \u00e0 Commentry, dans l&#8217;Allier, sur une course UFOLEP (pas de course FSGT dans&nbsp; notre d\u00e9partement ce WE du fait de l&#8217;annulation de Mably). En plus, de tr\u00e8s belle mani\u00e8re, Fr\u00e9d\u00e9ric part en effet au 4\u00e8me tour de la course avec [&hellip;]<\/p>\n","protected":false},"author":9,"featured_media":2262,"comment_status":"open","ping_status":"open","sticky":false,"template":"","format":"standard","meta":{"footnotes":""},"categories":[1,17],"tags":[],"class_list":{"0":"post-2261","1":"post","2":"type-post","3":"status-publish","4":"format-standard","5":"has-post-thumbnail","7":"category-actualites","8":"category-resultats-2020","9":"czr-hentry"},"_links":{"self":[{"href":"https:\/\/www.ucf42.com\/blog\/index.php\/wp-json\/wp\/v2\/posts\/2261","targetHints":{"allow":["GET"]}}],"collection":[{"href":"https:\/\/www.ucf42.com\/blog\/index.php\/wp-json\/wp\/v2\/posts"}],"about":[{"href":"https:\/\/www.ucf42.com\/blog\/index.php\/wp-json\/wp\/v2\/types\/post"}],"author":[{"embeddable":true,"href":"https:\/\/www.ucf42.com\/blog\/index.php\/wp-json\/wp\/v2\/users\/9"}],"replies":[{"embeddable":true,"href":"https:\/\/www.ucf42.com\/blog\/index.php\/wp-json\/wp\/v2\/comments?post=2261"}],"version-history":[{"count":4,"href":"https:\/\/www.ucf42.com\/blog\/index.php\/wp-json\/wp\/v2\/posts\/2261\/revisions"}],"predecessor-version":[{"id":3444,"href":"https:\/\/www.ucf42.com\/blog\/index.php\/wp-json\/wp\/v2\/posts\/2261\/revisions\/3444"}],"wp:featuredmedia":[{"embeddable":true,"href":"https:\/\/www.ucf42.com\/blog\/index.php\/wp-json\/wp\/v2\/media\/2262"}],"wp:attachment":[{"href":"https:\/\/www.ucf42.com\/blog\/index.php\/wp-json\/wp\/v2\/media?parent=2261"}],"wp:term":[{"taxonomy":"category","embeddable":true,"href":"https:\/\/www.ucf42.com\/blog\/index.php\/wp-json\/wp\/v2\/categories?post=2261"},{"taxonomy":"post_tag","embeddable":true,"href":"https:\/\/www.ucf42.com\/blog\/index.php\/wp-json\/wp\/v2\/tags?post=2261"}],"curies":[{"name":"wp","href":"https:\/\/api.w.org\/{rel}","templated":true}]}}