{"id":1655,"date":"2018-08-20T20:52:53","date_gmt":"2018-08-20T18:52:53","guid":{"rendered":"http:\/\/www.ucf42.com\/blog\/?p=1655"},"modified":"2024-07-03T22:59:45","modified_gmt":"2024-07-03T20:59:45","slug":"joli-succes-criterium-ffc-ucf42-de-montrond","status":"publish","type":"post","link":"https:\/\/www.ucf42.com\/blog\/index.php\/2018\/08\/20\/joli-succes-criterium-ffc-ucf42-de-montrond\/","title":{"rendered":"Joli succ\u00e8s pour le crit\u00e9rium FFC UCF42  de Montrond"},"content":{"rendered":"<div id=\"attachment_1656\" style=\"width: 743px\" class=\"wp-caption aligncenter\"><img loading=\"lazy\" decoding=\"async\" aria-describedby=\"caption-attachment-1656\" class=\"wp-image-1656 size-full\" src=\"http:\/\/www.ucf42.com\/blog\/wp-content\/uploads\/2018\/08\/Photo-du-podium-Crit\u00e9rium-masculin-de-Montrond_180818.jpg\" alt=\"\" width=\"733\" height=\"462\" srcset=\"https:\/\/www.ucf42.com\/blog\/wp-content\/uploads\/2018\/08\/Photo-du-podium-Crit\u00e9rium-masculin-de-Montrond_180818.jpg 733w, https:\/\/www.ucf42.com\/blog\/wp-content\/uploads\/2018\/08\/Photo-du-podium-Crit\u00e9rium-masculin-de-Montrond_180818-300x189.jpg 300w\" sizes=\"auto, (max-width: 733px) 100vw, 733px\" \/><p id=\"caption-attachment-1656\" class=\"wp-caption-text\">Le podium d&#8217;arriv\u00e9e du crit\u00e9rium masculin<\/p><\/div>\n<p>Ce samedi 18 ao\u00fbt l&#8217;UCF42 organisait le traditionnel et historique (premi\u00e8re \u00e9dition en 1939&#8230;) crit\u00e9rium de la municipalit\u00e9 de Montrond les Bains.<\/p>\n<p>Une innovation cette ann\u00e9e puisque nous organisions, en prologue, une course d\u00e9di\u00e9e aux f\u00e9minines, juniors et seniors. Malheureusement seulement 8 participantes pour cette premi\u00e8re&#8230; comme le disait Serge PERCET, 1er adjoint au maire de Montrond, il faut bien d\u00e9marrer, nous ferons mieux l&#8217;an prochain&#8230;<\/p>\n<p>L&#8217;exp\u00e9riment\u00e9e Caroline MOURAUX (VC Ornans) s&#8217;impose au sprint, notre repr\u00e9sentante Morgane JACQUET, manifestement la plus forte du peloton, se faisant enfermer dans l&#8217;emballage final&#8230; petit manque d&#8217;exp\u00e9rience apr\u00e8s seulement moins de 2 ans de v\u00e9lo&#8230; la victoire pour 2019 pour Morgane !<\/p>\n<p>56 participants sur le crit\u00e9rium masculin dont 1 belge, quelques repr\u00e9sentants du P\u00f4le Espoir de St Etienne et&nbsp;2 grosses \u00e9quipes avec 6 coureurs du GMC 38 (Grenoble-Eybens) et 5 du club de P\u00e9lussin.<\/p>\n<p>Une magnifique course anim\u00e9e de bout en bout, des attaques et des \u00e9chapp\u00e9es \u00e0 tous les tours (44 km\/h de moyenne au total) et finalement&#8230; une arriv\u00e9e massive au sprint o\u00f9 le jeune Francis CAILLAUD, soci\u00e9taire de l&#8217;ECSEL et du P\u00f4le Espoir St Etienne&nbsp;mais licenci\u00e9 \u00e0 St Denis de la R\u00e9union, apr\u00e8s une jolie course d&#8217;\u00e9quipe de l&#8217;ECSEL, s&#8217;impose assez largement devant Quentin NAVARRO (VC Toussy) et Landry MEZANGE (Grenoble MC 38).<\/p>\n<p>C\u00f4t\u00e9 UCF42, nos 2 repr\u00e9sentants L\u00e9o DUVERT et Eric MARCHAND ont un peu souffert, Eric terminant premier du club et L\u00e9o, malgr\u00e9 un belle premi\u00e8re partie de course,&nbsp;jetant l&#8217;\u00e9ponge \u00e0 quelques tours de l&#8217;arriv\u00e9e.<\/p>\n<p>Un grand MERCI \u00e0 tous les b\u00e9n\u00e9voles, signaleurs et aides \u00e0 l&#8217;organisation&#8230; sans eux&#8230; pas de courses !<\/p>\n<div id=\"attachment_1657\" style=\"width: 428px\" class=\"wp-caption aligncenter\"><img loading=\"lazy\" decoding=\"async\" aria-describedby=\"caption-attachment-1657\" class=\"wp-image-1657 \" src=\"http:\/\/www.ucf42.com\/blog\/wp-content\/uploads\/2018\/08\/Photo-2-Sprint-arriv\u00e9e-Crit\u00e9rium-de-Montrond_180818-300x200.jpg\" alt=\"\" width=\"418\" height=\"278\" srcset=\"https:\/\/www.ucf42.com\/blog\/wp-content\/uploads\/2018\/08\/Photo-2-Sprint-arriv\u00e9e-Crit\u00e9rium-de-Montrond_180818-300x200.jpg 300w, https:\/\/www.ucf42.com\/blog\/wp-content\/uploads\/2018\/08\/Photo-2-Sprint-arriv\u00e9e-Crit\u00e9rium-de-Montrond_180818-768x512.jpg 768w, https:\/\/www.ucf42.com\/blog\/wp-content\/uploads\/2018\/08\/Photo-2-Sprint-arriv\u00e9e-Crit\u00e9rium-de-Montrond_180818-1024x683.jpg 1024w\" sizes=\"auto, (max-width: 418px) 100vw, 418px\" \/><p id=\"caption-attachment-1657\" class=\"wp-caption-text\">Francis CAILLAUD (St Denis de la R\u00e9union) vainqueur au sprint<\/p><\/div>\n<div id=\"attachment_1662\" style=\"width: 361px\" class=\"wp-caption aligncenter\"><img loading=\"lazy\" decoding=\"async\" aria-describedby=\"caption-attachment-1662\" class=\"wp-image-1662 \" src=\"http:\/\/www.ucf42.com\/blog\/wp-content\/uploads\/2018\/08\/Sprint-arriv\u00e9e-des-f\u00e9minines-Montrond_180818-300x200.jpg\" alt=\"\" width=\"351\" height=\"234\" srcset=\"https:\/\/www.ucf42.com\/blog\/wp-content\/uploads\/2018\/08\/Sprint-arriv\u00e9e-des-f\u00e9minines-Montrond_180818-300x200.jpg 300w, https:\/\/www.ucf42.com\/blog\/wp-content\/uploads\/2018\/08\/Sprint-arriv\u00e9e-des-f\u00e9minines-Montrond_180818-768x512.jpg 768w, https:\/\/www.ucf42.com\/blog\/wp-content\/uploads\/2018\/08\/Sprint-arriv\u00e9e-des-f\u00e9minines-Montrond_180818.jpg 792w\" sizes=\"auto, (max-width: 351px) 100vw, 351px\" \/><p id=\"caption-attachment-1662\" class=\"wp-caption-text\">Sprint victorieux de Caroline MOURAUX \u00e0 Montrond<\/p><\/div>\n<div id=\"attachment_1663\" style=\"width: 342px\" class=\"wp-caption aligncenter\"><img loading=\"lazy\" decoding=\"async\" aria-describedby=\"caption-attachment-1663\" class=\"wp-image-1663 \" src=\"http:\/\/www.ucf42.com\/blog\/wp-content\/uploads\/2018\/08\/Podium-des-f\u00e9minines-Montrond_180818-300x200.jpg\" alt=\"\" width=\"332\" height=\"221\" srcset=\"https:\/\/www.ucf42.com\/blog\/wp-content\/uploads\/2018\/08\/Podium-des-f\u00e9minines-Montrond_180818-300x200.jpg 300w, https:\/\/www.ucf42.com\/blog\/wp-content\/uploads\/2018\/08\/Podium-des-f\u00e9minines-Montrond_180818-768x512.jpg 768w, https:\/\/www.ucf42.com\/blog\/wp-content\/uploads\/2018\/08\/Podium-des-f\u00e9minines-Montrond_180818.jpg 792w\" sizes=\"auto, (max-width: 332px) 100vw, 332px\" \/><p id=\"caption-attachment-1663\" class=\"wp-caption-text\">Podium de la course f\u00e9minines de Montrond<\/p><\/div>\n","protected":false},"excerpt":{"rendered":"<p>Ce samedi 18 ao\u00fbt l&#8217;UCF42 organisait le traditionnel et historique (premi\u00e8re \u00e9dition en 1939&#8230;) crit\u00e9rium de la municipalit\u00e9 de Montrond les Bains. Une innovation cette ann\u00e9e puisque nous organisions, en prologue, une course d\u00e9di\u00e9e aux f\u00e9minines, juniors et seniors. Malheureusement seulement 8 participantes pour cette premi\u00e8re&#8230; comme le disait Serge PERCET, 1er adjoint au maire [&hellip;]<\/p>\n","protected":false},"author":9,"featured_media":1656,"comment_status":"open","ping_status":"open","sticky":false,"template":"","format":"standard","meta":{"footnotes":""},"categories":[1,27,15],"tags":[],"class_list":{"0":"post-1655","1":"post","2":"type-post","3":"status-publish","4":"format-standard","5":"has-post-thumbnail","7":"category-actualites","8":"category-nos-organisations","9":"category-resultats-2018","10":"czr-hentry"},"_links":{"self":[{"href":"https:\/\/www.ucf42.com\/blog\/index.php\/wp-json\/wp\/v2\/posts\/1655","targetHints":{"allow":["GET"]}}],"collection":[{"href":"https:\/\/www.ucf42.com\/blog\/index.php\/wp-json\/wp\/v2\/posts"}],"about":[{"href":"https:\/\/www.ucf42.com\/blog\/index.php\/wp-json\/wp\/v2\/types\/post"}],"author":[{"embeddable":true,"href":"https:\/\/www.ucf42.com\/blog\/index.php\/wp-json\/wp\/v2\/users\/9"}],"replies":[{"embeddable":true,"href":"https:\/\/www.ucf42.com\/blog\/index.php\/wp-json\/wp\/v2\/comments?post=1655"}],"version-history":[{"count":8,"href":"https:\/\/www.ucf42.com\/blog\/index.php\/wp-json\/wp\/v2\/posts\/1655\/revisions"}],"predecessor-version":[{"id":3589,"href":"https:\/\/www.ucf42.com\/blog\/index.php\/wp-json\/wp\/v2\/posts\/1655\/revisions\/3589"}],"wp:featuredmedia":[{"embeddable":true,"href":"https:\/\/www.ucf42.com\/blog\/index.php\/wp-json\/wp\/v2\/media\/1656"}],"wp:attachment":[{"href":"https:\/\/www.ucf42.com\/blog\/index.php\/wp-json\/wp\/v2\/media?parent=1655"}],"wp:term":[{"taxonomy":"category","embeddable":true,"href":"https:\/\/www.ucf42.com\/blog\/index.php\/wp-json\/wp\/v2\/categories?post=1655"},{"taxonomy":"post_tag","embeddable":true,"href":"https:\/\/www.ucf42.com\/blog\/index.php\/wp-json\/wp\/v2\/tags?post=1655"}],"curies":[{"name":"wp","href":"https:\/\/api.w.org\/{rel}","templated":true}]}}