{"id":1647,"date":"2018-08-10T20:19:57","date_gmt":"2018-08-10T18:19:57","guid":{"rendered":"http:\/\/www.ucf42.com\/blog\/?p=1647"},"modified":"2024-07-03T21:43:28","modified_gmt":"2024-07-03T19:43:28","slug":"morgan-poulard-eric-marchand-top-de-lete","status":"publish","type":"post","link":"https:\/\/www.ucf42.com\/blog\/index.php\/2018\/08\/10\/morgan-poulard-eric-marchand-top-de-lete\/","title":{"rendered":"Morgan POULARD et Eric MARCHAND au top de l&#8217;\u00e9t\u00e9 !"},"content":{"rendered":"<p>Apr\u00e8s des championnats de France FSGT o\u00f9 l&#8217;UCF42 s&#8217;est illustr\u00e9e (Morgane JACQUET 3\u00e8me en f\u00e9minine et Jean Michel SIBILLE 4\u00e8me du contre la montre par \u00e9quipe avec le comit\u00e9 de la Loire), cette p\u00e9riode d&#8217;\u00e9t\u00e9 a encore \u00e9t\u00e9 riche en r\u00e9sultats et exploits pour l&#8217;UCF42.<\/p>\n<p>En effet, apr\u00e8s sa victoire, de la t\u00eate et des \u00e9paules, sur la nocturne de Feurs (victoire sur l&#8217;\u00e9liminatoire et sur la course en ligne) le 6 juillet dernier, Morgan POULARD a \u00e0 nouveau fait tr\u00e8s fort, avant et apr\u00e8s ses vacances&#8230;<\/p>\n<p>Tout d&#8217;abord par une belle victoire en FFC sur la course Pass d&#8217;Ennezat (63) le 14 juillet, Jean Michel SIBILLE prenant la 6\u00e8me place apr\u00e8s une belle course d&#8217;\u00e9quipe (\u00e9chapp\u00e9e \u00e0 7 coureurs).<\/p>\n<p>Ensuite, cette semaine, apr\u00e8s une coupure estivale bien m\u00e9rit\u00e9e, Morgan s&#8217;impose de tr\u00e8s belle mani\u00e8re en FSGT \u00e0 Balbigny apr\u00e8s avoir attaqu\u00e9 sans rel\u00e2che pour l\u00e2cher tous ses compagnons d&#8217;\u00e9chapp\u00e9e sauf 2 qu&#8217;il r\u00e8gle de tr\u00e8s jolie mani\u00e8re au sprint&#8230; avec toujours le maillot de champion Rh\u00f4ne Alpes sur les \u00e9paules&#8230; Bravo Morgan !<\/p>\n<p>Jean Michel SIBILLE compl\u00e8te ce joli tableau par une nouvelle 7\u00e8me place et Laurent MICHAUD par une 5\u00e8me place en cat\u00e9gorie 3.<\/p>\n<p>Jean Michel SIBILLE termine \u00e9galement 3\u00e8me des Pass \u00e0 notre grand prix FFC de Veauche le lundi 23 juillet dernier&#8230; apr\u00e8s une 26\u00e8me participation cons\u00e9cutive&#8230; extraordinaire Jean Michel !<\/p>\n<p>Cot\u00e9 f\u00e9minine, apr\u00e8s une coupure bien m\u00e9rit\u00e9e apr\u00e8s le BTS et les championnats de France, Morgane JACQUET sera pr\u00e9sente sur la premi\u00e8re course f\u00e9minine FFC de Montrond les Bains en ouverture du crit\u00e9rium masculin&#8230; tout cela avant le d\u00e9sormais traditionnel barbecue du club au jeu de boules apr\u00e8s la course&#8230;<\/p>\n<p>En parall\u00e8le de tout cela, notre ancien pr\u00e9sident Eric MARCHAND s&#8217;est illustr\u00e9 sur un pari fou (il le dit lui m\u00eame&#8230; 650 &#8220;maboules&#8221; au d\u00e9part dont 250 abandons)&#8230; le TMB (Tour du Mont Blanc) avec 330 km et 8000 m de d\u00e9nivel\u00e9 positif&#8230; pas tr\u00e8s humain tout \u00e7a&#8230; Eric r\u00e9ussi ce pari fou en 17H55 et obtient la m\u00e9daille d&#8217;or de &#8220;Finisher&#8221;&#8230; extraordinaire Eric \u00e9galement !<\/p>\n<p>Enfin, notre ancien leader et semi professionnel au CR4C Roanne, Nathana\u00ebl GERY s&#8217;est encore illustr\u00e9 en terminant&nbsp;meilleur grimpeur&nbsp;au tour du pays roannais en Elite nationale FFC apr\u00e8s une \u00e9chapp\u00e9e solitaire de&#8230; 100 km&#8230; malheureusement une chute le stoppera sur la seconde \u00e9tape&#8230; il est actuellement sur le Tour d&#8217;Alsace avec la DN1 face aux \u00e9quipes professionnelles&#8230; quelle classe, nous sommes trop fiers de lui&#8230; !<\/p>\n<p>Extraordinaire club UCF42 !<\/p>\n<p>Prochaine \u00e9tape, notre crit\u00e9rium cycliste (f\u00e9minines et masculins !) le samedi 18 ao\u00fbt prochain<\/p>\n<p>On va y arriver !<\/p>\n<div id=\"attachment_1648\" style=\"width: 356px\" class=\"wp-caption aligncenter\"><img loading=\"lazy\" decoding=\"async\" aria-describedby=\"caption-attachment-1648\" class=\"wp-image-1648\" src=\"http:\/\/www.ucf42.com\/blog\/wp-content\/uploads\/2018\/08\/Victoire-Morgan-POULARD-FFC-ENNEZAT_140718-300x225.jpg\" alt=\"\" width=\"346\" height=\"259\" srcset=\"https:\/\/www.ucf42.com\/blog\/wp-content\/uploads\/2018\/08\/Victoire-Morgan-POULARD-FFC-ENNEZAT_140718-300x225.jpg 300w, https:\/\/www.ucf42.com\/blog\/wp-content\/uploads\/2018\/08\/Victoire-Morgan-POULARD-FFC-ENNEZAT_140718-768x576.jpg 768w, https:\/\/www.ucf42.com\/blog\/wp-content\/uploads\/2018\/08\/Victoire-Morgan-POULARD-FFC-ENNEZAT_140718-1024x768.jpg 1024w, https:\/\/www.ucf42.com\/blog\/wp-content\/uploads\/2018\/08\/Victoire-Morgan-POULARD-FFC-ENNEZAT_140718.jpg 1280w\" sizes=\"auto, (max-width: 346px) 100vw, 346px\" \/><p id=\"caption-attachment-1648\" class=\"wp-caption-text\">Morgan POULARD vainqueur en FFC \u00e0 Ennezat (63)<\/p><\/div>\n<p>&nbsp;<\/p>\n<div id=\"attachment_1649\" style=\"width: 232px\" class=\"wp-caption aligncenter\"><img loading=\"lazy\" decoding=\"async\" aria-describedby=\"caption-attachment-1649\" class=\"wp-image-1649 \" src=\"http:\/\/www.ucf42.com\/blog\/wp-content\/uploads\/2018\/08\/Arriv\u00e9e-Eric-MARCHAND-Tour-du-Mont-Blanc_220718-169x300.jpg\" alt=\"\" width=\"222\" height=\"395\" srcset=\"https:\/\/www.ucf42.com\/blog\/wp-content\/uploads\/2018\/08\/Arriv\u00e9e-Eric-MARCHAND-Tour-du-Mont-Blanc_220718-169x300.jpg 169w, https:\/\/www.ucf42.com\/blog\/wp-content\/uploads\/2018\/08\/Arriv\u00e9e-Eric-MARCHAND-Tour-du-Mont-Blanc_220718.jpg 327w\" sizes=\"auto, (max-width: 222px) 100vw, 222px\" \/><p id=\"caption-attachment-1649\" class=\"wp-caption-text\">Eric MARCHAND &#8220;Finisher&#8221; au Tour du Mont Blanc le 22 juillet<\/p><\/div>\n<p>&nbsp;<\/p>\n<div id=\"attachment_1651\" style=\"width: 358px\" class=\"wp-caption aligncenter\"><img loading=\"lazy\" decoding=\"async\" aria-describedby=\"caption-attachment-1651\" class=\"wp-image-1651 \" src=\"http:\/\/www.ucf42.com\/blog\/wp-content\/uploads\/2018\/08\/Victoire-Morgan-POULARD-Balbigny_060818-1-300x267.jpg\" alt=\"\" width=\"348\" height=\"310\" srcset=\"https:\/\/www.ucf42.com\/blog\/wp-content\/uploads\/2018\/08\/Victoire-Morgan-POULARD-Balbigny_060818-1-300x267.jpg 300w, https:\/\/www.ucf42.com\/blog\/wp-content\/uploads\/2018\/08\/Victoire-Morgan-POULARD-Balbigny_060818-1.jpg 762w\" sizes=\"auto, (max-width: 348px) 100vw, 348px\" \/><p id=\"caption-attachment-1651\" class=\"wp-caption-text\">Victoire de Morgan POULARD \u00e0 Balbigny le 6 ao\u00fbt<\/p><\/div>\n<p>&nbsp;<\/p>\n<div id=\"attachment_1653\" style=\"width: 371px\" class=\"wp-caption aligncenter\"><img loading=\"lazy\" decoding=\"async\" aria-describedby=\"caption-attachment-1653\" class=\"wp-image-1653 \" src=\"http:\/\/www.ucf42.com\/blog\/wp-content\/uploads\/2018\/08\/Podium-GP-de-Veauche-FFC-avec-JM-SIBILLE-300x200.jpg\" alt=\"\" width=\"361\" height=\"240\" srcset=\"https:\/\/www.ucf42.com\/blog\/wp-content\/uploads\/2018\/08\/Podium-GP-de-Veauche-FFC-avec-JM-SIBILLE-300x200.jpg 300w, https:\/\/www.ucf42.com\/blog\/wp-content\/uploads\/2018\/08\/Podium-GP-de-Veauche-FFC-avec-JM-SIBILLE-768x512.jpg 768w, https:\/\/www.ucf42.com\/blog\/wp-content\/uploads\/2018\/08\/Podium-GP-de-Veauche-FFC-avec-JM-SIBILLE-1024x683.jpg 1024w\" sizes=\"auto, (max-width: 361px) 100vw, 361px\" \/><p id=\"caption-attachment-1653\" class=\"wp-caption-text\">Le podium du GP de Veauche avec Jean Michel SIBILLE<\/p><\/div>\n<p>&nbsp;<\/p>\n<div id=\"attachment_1652\" style=\"width: 351px\" class=\"wp-caption aligncenter\"><img loading=\"lazy\" decoding=\"async\" aria-describedby=\"caption-attachment-1652\" class=\"wp-image-1652 \" src=\"http:\/\/www.ucf42.com\/blog\/wp-content\/uploads\/2018\/08\/Nathanael-GERY-en-t\u00eate-et-meilleure-grimpeur-du-Tour-du-Pays-Roannais-Elite-Juin-2018--300x200.jpg\" alt=\"\" width=\"341\" height=\"227\" srcset=\"https:\/\/www.ucf42.com\/blog\/wp-content\/uploads\/2018\/08\/Nathanael-GERY-en-t\u00eate-et-meilleure-grimpeur-du-Tour-du-Pays-Roannais-Elite-Juin-2018--300x200.jpg 300w, https:\/\/www.ucf42.com\/blog\/wp-content\/uploads\/2018\/08\/Nathanael-GERY-en-t\u00eate-et-meilleure-grimpeur-du-Tour-du-Pays-Roannais-Elite-Juin-2018-.jpg 720w\" sizes=\"auto, (max-width: 341px) 100vw, 341px\" \/><p id=\"caption-attachment-1652\" class=\"wp-caption-text\">Nathana\u00ebl GERY meilleur grimpeur sur le Tour du Pays Roannais en juin<\/p><\/div>\n<p>&nbsp;<\/p>\n","protected":false},"excerpt":{"rendered":"<p>Apr\u00e8s des championnats de France FSGT o\u00f9 l&#8217;UCF42 s&#8217;est illustr\u00e9e (Morgane JACQUET 3\u00e8me en f\u00e9minine et Jean Michel SIBILLE 4\u00e8me du contre la montre par \u00e9quipe avec le comit\u00e9 de la Loire), cette p\u00e9riode d&#8217;\u00e9t\u00e9 a encore \u00e9t\u00e9 riche en r\u00e9sultats et exploits pour l&#8217;UCF42. En effet, apr\u00e8s sa victoire, de la t\u00eate et des [&hellip;]<\/p>\n","protected":false},"author":9,"featured_media":1648,"comment_status":"open","ping_status":"open","sticky":false,"template":"","format":"standard","meta":{"footnotes":""},"categories":[1,15],"tags":[],"class_list":{"0":"post-1647","1":"post","2":"type-post","3":"status-publish","4":"format-standard","5":"has-post-thumbnail","7":"category-actualites","8":"category-resultats-2018","9":"czr-hentry"},"_links":{"self":[{"href":"https:\/\/www.ucf42.com\/blog\/index.php\/wp-json\/wp\/v2\/posts\/1647","targetHints":{"allow":["GET"]}}],"collection":[{"href":"https:\/\/www.ucf42.com\/blog\/index.php\/wp-json\/wp\/v2\/posts"}],"about":[{"href":"https:\/\/www.ucf42.com\/blog\/index.php\/wp-json\/wp\/v2\/types\/post"}],"author":[{"embeddable":true,"href":"https:\/\/www.ucf42.com\/blog\/index.php\/wp-json\/wp\/v2\/users\/9"}],"replies":[{"embeddable":true,"href":"https:\/\/www.ucf42.com\/blog\/index.php\/wp-json\/wp\/v2\/comments?post=1647"}],"version-history":[{"count":2,"href":"https:\/\/www.ucf42.com\/blog\/index.php\/wp-json\/wp\/v2\/posts\/1647\/revisions"}],"predecessor-version":[{"id":3406,"href":"https:\/\/www.ucf42.com\/blog\/index.php\/wp-json\/wp\/v2\/posts\/1647\/revisions\/3406"}],"wp:featuredmedia":[{"embeddable":true,"href":"https:\/\/www.ucf42.com\/blog\/index.php\/wp-json\/wp\/v2\/media\/1648"}],"wp:attachment":[{"href":"https:\/\/www.ucf42.com\/blog\/index.php\/wp-json\/wp\/v2\/media?parent=1647"}],"wp:term":[{"taxonomy":"category","embeddable":true,"href":"https:\/\/www.ucf42.com\/blog\/index.php\/wp-json\/wp\/v2\/categories?post=1647"},{"taxonomy":"post_tag","embeddable":true,"href":"https:\/\/www.ucf42.com\/blog\/index.php\/wp-json\/wp\/v2\/tags?post=1647"}],"curies":[{"name":"wp","href":"https:\/\/api.w.org\/{rel}","templated":true}]}}