{"id":999,"date":"2017-06-04T18:38:30","date_gmt":"2017-06-04T16:38:30","guid":{"rendered":"http:\/\/www.ucf42.com\/blog\/?p=999"},"modified":"2024-07-03T22:06:05","modified_gmt":"2024-07-03T20:06:05","slug":"nathanael-gery-vice-champion-auvergne-rhone-alpes-ffc-2","status":"publish","type":"post","link":"http:\/\/www.ucf42.com\/blog\/index.php\/2017\/06\/04\/nathanael-gery-vice-champion-auvergne-rhone-alpes-ffc-2\/","title":{"rendered":"Nathana\u00ebl GERY vice champion Auvergne Rh\u00f4ne Alpes FFC 2"},"content":{"rendered":"<p>Ce samedi 3 juin avait le premier championnat Auvergne Rh\u00f4ne Alpes (AURA) FFC 1 et 2 Elite \u00e0 Rozier en Donzy. La r\u00e9gion AURA est le plus gros comit\u00e9 r\u00e9gional de France, tant en nombre de licenci\u00e9s qu\u2019en r\u00e9sultats (premier au niveau national depuis plusieurs ann\u00e9es sur Rh\u00f4ne Alpes).<\/p>\n<p>Sur un parcours ultra s\u00e9lectif (160 km avec 3000 m de d\u00e9nivel\u00e9 positif), notre leader Nathana\u00ebl GERY a pu suivre les leaders (une petite trentaine de coureur) jusque dans le final, et a l\u2019issue d\u2019une magnifique performance, il termine vice-champion r\u00e9gional Auvergne Rh\u00f4ne Alpes devant plusieurs coureurs de l\u2019\u00e9quipe Chamb\u00e9ry AG2R, centre de formation de l\u2019\u00e9quipe professionnelle.<\/p>\n<p>&nbsp;<\/p>\n<p>Un grand bravo \u00e0 lui&nbsp;!<\/p>\n<p>&nbsp;<\/p>\n<div id=\"attachment_1000\" style=\"width: 516px\" class=\"wp-caption aligncenter\"><img loading=\"lazy\" decoding=\"async\" aria-describedby=\"caption-attachment-1000\" class=\"wp-image-1000 \" src=\"http:\/\/www.ucf42.com\/blog\/wp-content\/uploads\/2017\/06\/Podium-Nathanael-vice-champion-AURA_030517_Rozier-en-Donzy-e1496667093320-300x266.jpg\" alt=\"\" width=\"506\" height=\"449\" srcset=\"http:\/\/www.ucf42.com\/blog\/wp-content\/uploads\/2017\/06\/Podium-Nathanael-vice-champion-AURA_030517_Rozier-en-Donzy-e1496667093320-300x266.jpg 300w, http:\/\/www.ucf42.com\/blog\/wp-content\/uploads\/2017\/06\/Podium-Nathanael-vice-champion-AURA_030517_Rozier-en-Donzy-e1496667093320.jpg 705w\" sizes=\"auto, (max-width: 506px) 100vw, 506px\" \/><p id=\"caption-attachment-1000\" class=\"wp-caption-text\">Nathana\u00ebl GERY Vice Champion Auvergne Rh\u00f4ne Alpes FFC2 2017<\/p><\/div>\n<p>&nbsp;<\/p>\n<p>&nbsp;<\/p>\n<p>&nbsp;<\/p>\n","protected":false},"excerpt":{"rendered":"<p>Ce samedi 3 juin avait le premier championnat Auvergne Rh\u00f4ne Alpes (AURA) FFC 1 et 2 Elite \u00e0 Rozier en Donzy. La r\u00e9gion AURA est le plus gros comit\u00e9 r\u00e9gional de France, tant en nombre de licenci\u00e9s qu\u2019en r\u00e9sultats (premier au niveau national depuis plusieurs ann\u00e9es sur Rh\u00f4ne Alpes). Sur un parcours ultra s\u00e9lectif (160 [&hellip;]<\/p>\n","protected":false},"author":9,"featured_media":1006,"comment_status":"open","ping_status":"open","sticky":false,"template":"","format":"standard","meta":{"footnotes":""},"categories":[1,8],"tags":[],"class_list":{"0":"post-999","1":"post","2":"type-post","3":"status-publish","4":"format-standard","5":"has-post-thumbnail","7":"category-actualites","8":"category-resultats-2017","9":"czr-hentry"},"_links":{"self":[{"href":"http:\/\/www.ucf42.com\/blog\/index.php\/wp-json\/wp\/v2\/posts\/999","targetHints":{"allow":["GET"]}}],"collection":[{"href":"http:\/\/www.ucf42.com\/blog\/index.php\/wp-json\/wp\/v2\/posts"}],"about":[{"href":"http:\/\/www.ucf42.com\/blog\/index.php\/wp-json\/wp\/v2\/types\/post"}],"author":[{"embeddable":true,"href":"http:\/\/www.ucf42.com\/blog\/index.php\/wp-json\/wp\/v2\/users\/9"}],"replies":[{"embeddable":true,"href":"http:\/\/www.ucf42.com\/blog\/index.php\/wp-json\/wp\/v2\/comments?post=999"}],"version-history":[{"count":5,"href":"http:\/\/www.ucf42.com\/blog\/index.php\/wp-json\/wp\/v2\/posts\/999\/revisions"}],"predecessor-version":[{"id":3388,"href":"http:\/\/www.ucf42.com\/blog\/index.php\/wp-json\/wp\/v2\/posts\/999\/revisions\/3388"}],"wp:featuredmedia":[{"embeddable":true,"href":"http:\/\/www.ucf42.com\/blog\/index.php\/wp-json\/wp\/v2\/media\/1006"}],"wp:attachment":[{"href":"http:\/\/www.ucf42.com\/blog\/index.php\/wp-json\/wp\/v2\/media?parent=999"}],"wp:term":[{"taxonomy":"category","embeddable":true,"href":"http:\/\/www.ucf42.com\/blog\/index.php\/wp-json\/wp\/v2\/categories?post=999"},{"taxonomy":"post_tag","embeddable":true,"href":"http:\/\/www.ucf42.com\/blog\/index.php\/wp-json\/wp\/v2\/tags?post=999"}],"curies":[{"name":"wp","href":"https:\/\/api.w.org\/{rel}","templated":true}]}}