{"id":3314,"date":"2024-05-02T01:33:12","date_gmt":"2024-05-01T23:33:12","guid":{"rendered":"http:\/\/www.ucf42.com\/blog\/?p=3314"},"modified":"2024-07-03T16:10:54","modified_gmt":"2024-07-03T14:10:54","slug":"lucf42-poursuit-sa-moisson-de-resultats-de-printemps","status":"publish","type":"post","link":"http:\/\/www.ucf42.com\/blog\/index.php\/2024\/05\/02\/lucf42-poursuit-sa-moisson-de-resultats-de-printemps\/","title":{"rendered":"L&#8217;UCF42 poursuit sa moisson de r\u00e9sultats de printemps"},"content":{"rendered":"<div id=\"attachment_3315\" style=\"width: 807px\" class=\"wp-caption aligncenter\"><img loading=\"lazy\" decoding=\"async\" aria-describedby=\"caption-attachment-3315\" class=\"wp-image-3315 size-full\" src=\"http:\/\/www.ucf42.com\/blog\/wp-content\/uploads\/2024\/05\/Podium-victoire-Valentin-PORTE-et-Pierrick-CIGOLOTTI-General-Handisport-Veauchette_280424.png\" alt=\"\" width=\"797\" height=\"650\" srcset=\"http:\/\/www.ucf42.com\/blog\/wp-content\/uploads\/2024\/05\/Podium-victoire-Valentin-PORTE-et-Pierrick-CIGOLOTTI-General-Handisport-Veauchette_280424.png 797w, http:\/\/www.ucf42.com\/blog\/wp-content\/uploads\/2024\/05\/Podium-victoire-Valentin-PORTE-et-Pierrick-CIGOLOTTI-General-Handisport-Veauchette_280424-300x245.png 300w, http:\/\/www.ucf42.com\/blog\/wp-content\/uploads\/2024\/05\/Podium-victoire-Valentin-PORTE-et-Pierrick-CIGOLOTTI-General-Handisport-Veauchette_280424-768x626.png 768w\" sizes=\"auto, (max-width: 797px) 100vw, 797px\" \/><p id=\"caption-attachment-3315\" class=\"wp-caption-text\">Valentin PORTE et Pierrick CIGOLOTTI, vainqueurs du classement g\u00e9n\u00e9ral de la manche de coupe de France Handisport de Veauchette les 27 et 28 avril, en compagnie de Lo\u00efc VERGNAUD triple vice-champion olympique et champion du monde par \u00e9quipe de Hand-bikes et Benjamin BAUCHER, champion de France solo, \u00e9galement vainqueurs \u00e0 Veauchette.<\/p><\/div>\n<p>Les week-end se suivent et se ressemblent en ce d\u00e9but de saison pour l&#8217;UCF42&#8230;<\/p>\n<p>Apr\u00e8s les belles victoires de Sandy CHEVRIER \u00e0 Montrond les Bains et Chalain le Comtal, la victoire de Pierrick CIGOLOTTI en FFC \u00e0 Chauffailles et les podiums de Fr\u00e9d\u00e9ric RAULT \u00e0 Montrond, de Pierrick CIGOLOTTI \u00e0 Montrond et St Chamond, de Louis CREGNIOT en cadets \u00e0 Montrond, nouveaux podiums de Pierrick CIGOLOTTI et Claude GERBAUD \u00e0 St Galmier mi avril compl\u00e9t\u00e9s par de tr\u00e8s nombreux top 10 et top 5 de Fran\u00e7ois VEROT, Fr\u00e9d\u00e9ric FAYARD, Jean GUILLAUME,Cyril JACQUEMOND, Fred RAULT et Jean Pierre BRUNEL&#8230;<\/p>\n<p>R\u00e9sultats extr\u00eamement satisfaisants, un podium quasi tous les week-end !<\/p>\n<p>Et&#8230; &#8220;la victoire appelant la victoire&#8221; et les &#8220;podiums appelant les bons r\u00e9sultats&#8221;, magnifiques week-end de fin avril et d\u00e9but mai :<\/p>\n<p>Tout d&#8217;abord sur notre manche de coupe de France Handisports de Veauchette des 27 et 28 avril.<\/p>\n<p>Valentin PORTE, 25 ans, et Pierrick CIGOLOTTI (34 ans), associ\u00e9s pour la premi\u00e8re fois sur un tandem, et apr\u00e8s seulement 2 entrainements en commun, r\u00e9ussissent la prouesse d&#8217;aller remporter cette manche de coupe de France, tout d&#8217;abord par une magnifique victoire en solitaires sur la course en\u00a0 ligne le samedi et en remportant le contre la contre\u00a0 la montre du dimanche matin sous la pluie&#8230; et bien entendu le classement g\u00e9n\u00e9ral, au scratch, sur les 2 \u00e9tapes.<\/p>\n<p>Absolument extraordinaire, \u00e9tant donn\u00e9 le niveau de la comp\u00e9tition, un premier essai plus que r\u00e9ussi, un \u00e9norme bravo \u00e0 eux deux ! La rel\u00e8ve dans la tradition handisports UCF42 est assur\u00e9e, c&#8217;est top d&#8217;avoir un troisi\u00e8me tandem en compl\u00e9ment de nos champions de France Laurent HUYGUE et Pierre FULCHIRON&#8230; qui n&#8217;ont pas pu faire la course de Veauchette, Pierre FULCHIRON \u00e9tant bless\u00e9 au dos&#8230;<\/p>\n<p>Et notre l\u00e9gende Yves BAYON, 7 fois champions de France (avec Pierre FULCHIRON), associ\u00e9 \u00e0 Eric MARCHAND, ancien membre UCF42 et qui assure gentiment le r\u00f4le de pilote pour Yves, se classent 2\u00e8me dans la cat\u00e9gorie tandem &#8220;master&#8221;, bravo \u00e0 eux \u00e9galement.<\/p>\n<p>Tr\u00e8s belle organisation nous permettant de mettre \u00e0 l&#8217;honneur notre nouveau partenaire FAUCHE Industrie tertiaire avec son directeur d&#8217;agence de St Galmier, Patrick IMBERT qui a r\u00e9compens\u00e9 individuellement chaque coureur, tandem, v\u00e9lo et hand-bikes, un grand merci \u00e0 lui pour sa grande implication dans le handisports !<\/p>\n<p>Et que dire de ce mercredi 1er mai sur la course de Roanne Arsenal&#8230;<\/p>\n<p>Sur sa lanc\u00e9e, Pierrick CIGOLOTTI remporte une magnifique victoire en solitaire sans aucune contestation possible et apr\u00e8s avoir l\u00e2ch\u00e9 ses 5 autres compagnons d&#8217;\u00e9chapp\u00e9e&#8230; victoire de prestige dans la cat\u00e9gorie reine de la FSGT.<\/p>\n<p>Pierrick faisait des podiums quasi tous les week-end sans r\u00e9ussir \u00e0 remporter la victoire en FSGT&#8230; c&#8217;est maintenant chose faite&#8230; et certainement pas pour la derni\u00e8re fois \ud83d\ude42<\/p>\n<p>Et la dynamique \u00e9tant avec l&#8217;UCF42, Fred RAULT se classe 3\u00e8me en 3\u00e8me cat\u00e9gorie sur cette m\u00eame course de l&#8217;Arsenal et Fr\u00e9d\u00e9ric FAYARD 5\u00e8me en cat\u00e9gorie 5&#8230;<\/p>\n<p>R\u00e9sultats plus que satisfaisants en ce d\u00e9but de saison, je suis un pr\u00e9sident combl\u00e9 et heureux.<\/p>\n<p>Avec l\u2019hiver et ce beau d\u00e9but de saison, nous sommes d\u00e9j\u00e0 \u00e0 9 victoires 2024 et plus de 10 podiums ainsi que de tr\u00e8s nombreux top 5, top 10 et top 15&#8230; extraordinaire club UCF42 !<\/p>\n<p>On va y arriver !<\/p>\n<div id=\"attachment_3318\" style=\"width: 310px\" class=\"wp-caption aligncenter\"><img loading=\"lazy\" decoding=\"async\" aria-describedby=\"caption-attachment-3318\" class=\"wp-image-3318 size-medium\" src=\"http:\/\/www.ucf42.com\/blog\/wp-content\/uploads\/2024\/05\/Podium-remise-maillot-Patrick-IMBERT-FAUCHE-Handisport-Veauchette_280424-300x182.png\" alt=\"\" width=\"300\" height=\"182\" srcset=\"http:\/\/www.ucf42.com\/blog\/wp-content\/uploads\/2024\/05\/Podium-remise-maillot-Patrick-IMBERT-FAUCHE-Handisport-Veauchette_280424-300x182.png 300w, http:\/\/www.ucf42.com\/blog\/wp-content\/uploads\/2024\/05\/Podium-remise-maillot-Patrick-IMBERT-FAUCHE-Handisport-Veauchette_280424-1024x620.png 1024w, http:\/\/www.ucf42.com\/blog\/wp-content\/uploads\/2024\/05\/Podium-remise-maillot-Patrick-IMBERT-FAUCHE-Handisport-Veauchette_280424-768x465.png 768w, http:\/\/www.ucf42.com\/blog\/wp-content\/uploads\/2024\/05\/Podium-remise-maillot-Patrick-IMBERT-FAUCHE-Handisport-Veauchette_280424.png 1064w\" sizes=\"auto, (max-width: 300px) 100vw, 300px\" \/><p id=\"caption-attachment-3318\" class=\"wp-caption-text\">Remise de maillot \u00e0 notre nouveau partenaire FAUCHE et son directeur d&#8217;agence St Galmier Patrick IMBERT \u00e0 Veauchette Handisports<\/p><\/div>\n<div id=\"attachment_3316\" style=\"width: 310px\" class=\"wp-caption aligncenter\"><img loading=\"lazy\" decoding=\"async\" aria-describedby=\"caption-attachment-3316\" class=\"wp-image-3316 size-medium\" src=\"http:\/\/www.ucf42.com\/blog\/wp-content\/uploads\/2024\/05\/Photo-podium-2eme-place-Claude-a-St-Galmier-le-140424-300x225.jpg\" alt=\"\" width=\"300\" height=\"225\" srcset=\"http:\/\/www.ucf42.com\/blog\/wp-content\/uploads\/2024\/05\/Photo-podium-2eme-place-Claude-a-St-Galmier-le-140424-300x225.jpg 300w, http:\/\/www.ucf42.com\/blog\/wp-content\/uploads\/2024\/05\/Photo-podium-2eme-place-Claude-a-St-Galmier-le-140424-1024x768.jpg 1024w, http:\/\/www.ucf42.com\/blog\/wp-content\/uploads\/2024\/05\/Photo-podium-2eme-place-Claude-a-St-Galmier-le-140424-768x576.jpg 768w, http:\/\/www.ucf42.com\/blog\/wp-content\/uploads\/2024\/05\/Photo-podium-2eme-place-Claude-a-St-Galmier-le-140424-1536x1152.jpg 1536w, http:\/\/www.ucf42.com\/blog\/wp-content\/uploads\/2024\/05\/Photo-podium-2eme-place-Claude-a-St-Galmier-le-140424.jpg 2048w\" sizes=\"auto, (max-width: 300px) 100vw, 300px\" \/><p id=\"caption-attachment-3316\" class=\"wp-caption-text\">Claude GERBAUD 2\u00e8me \u00e0 St Galmier<\/p><\/div>\n<div id=\"attachment_3317\" style=\"width: 310px\" class=\"wp-caption aligncenter\"><img loading=\"lazy\" decoding=\"async\" aria-describedby=\"caption-attachment-3317\" class=\"wp-image-3317 size-medium\" src=\"http:\/\/www.ucf42.com\/blog\/wp-content\/uploads\/2024\/05\/Photo-podium-3eme-place-Pierrick-CIGOLOTTI-a-St-Galmier-le-140424-300x225.jpg\" alt=\"\" width=\"300\" height=\"225\" srcset=\"http:\/\/www.ucf42.com\/blog\/wp-content\/uploads\/2024\/05\/Photo-podium-3eme-place-Pierrick-CIGOLOTTI-a-St-Galmier-le-140424-300x225.jpg 300w, http:\/\/www.ucf42.com\/blog\/wp-content\/uploads\/2024\/05\/Photo-podium-3eme-place-Pierrick-CIGOLOTTI-a-St-Galmier-le-140424-1024x768.jpg 1024w, http:\/\/www.ucf42.com\/blog\/wp-content\/uploads\/2024\/05\/Photo-podium-3eme-place-Pierrick-CIGOLOTTI-a-St-Galmier-le-140424-768x576.jpg 768w, http:\/\/www.ucf42.com\/blog\/wp-content\/uploads\/2024\/05\/Photo-podium-3eme-place-Pierrick-CIGOLOTTI-a-St-Galmier-le-140424-1536x1152.jpg 1536w, http:\/\/www.ucf42.com\/blog\/wp-content\/uploads\/2024\/05\/Photo-podium-3eme-place-Pierrick-CIGOLOTTI-a-St-Galmier-le-140424.jpg 2000w\" sizes=\"auto, (max-width: 300px) 100vw, 300px\" \/><p id=\"caption-attachment-3317\" class=\"wp-caption-text\">Pierrick CIGOLOTTI 3\u00e8me \u00e0 St Galmier<\/p><\/div>\n<div id=\"attachment_3319\" style=\"width: 296px\" class=\"wp-caption aligncenter\"><img loading=\"lazy\" decoding=\"async\" aria-describedby=\"caption-attachment-3319\" class=\"wp-image-3319 size-medium\" src=\"http:\/\/www.ucf42.com\/blog\/wp-content\/uploads\/2024\/05\/Podium-2eme-place-Master-Yves-BAYON-et-Eric-MARCHAND-General-Handisport-Veauchette_280424-286x300.png\" alt=\"\" width=\"286\" height=\"300\" srcset=\"http:\/\/www.ucf42.com\/blog\/wp-content\/uploads\/2024\/05\/Podium-2eme-place-Master-Yves-BAYON-et-Eric-MARCHAND-General-Handisport-Veauchette_280424-286x300.png 286w, http:\/\/www.ucf42.com\/blog\/wp-content\/uploads\/2024\/05\/Podium-2eme-place-Master-Yves-BAYON-et-Eric-MARCHAND-General-Handisport-Veauchette_280424.png 506w\" sizes=\"auto, (max-width: 286px) 100vw, 286px\" \/><p id=\"caption-attachment-3319\" class=\"wp-caption-text\">2\u00e8me place de Yves BAYON et Eric MARCHAND en tandem Masters \u00e0 Veauchette Handisport<\/p><\/div>\n<div id=\"attachment_3321\" style=\"width: 310px\" class=\"wp-caption aligncenter\"><img loading=\"lazy\" decoding=\"async\" aria-describedby=\"caption-attachment-3321\" class=\"wp-image-3321 size-medium\" src=\"http:\/\/www.ucf42.com\/blog\/wp-content\/uploads\/2024\/05\/Arrivee-victoire-Pierre-CIGOLOTTI-Arsenal-Roanne_010524-1-300x259.png\" alt=\"\" width=\"300\" height=\"259\" srcset=\"http:\/\/www.ucf42.com\/blog\/wp-content\/uploads\/2024\/05\/Arrivee-victoire-Pierre-CIGOLOTTI-Arsenal-Roanne_010524-1-300x259.png 300w, http:\/\/www.ucf42.com\/blog\/wp-content\/uploads\/2024\/05\/Arrivee-victoire-Pierre-CIGOLOTTI-Arsenal-Roanne_010524-1.png 485w\" sizes=\"auto, (max-width: 300px) 100vw, 300px\" \/><p id=\"caption-attachment-3321\" class=\"wp-caption-text\">Victoire en solitaire de Pierrick CIGOLOTTI \u00e0 Roanne Arsenal<\/p><\/div>\n<div id=\"attachment_3322\" style=\"width: 291px\" class=\"wp-caption aligncenter\"><img loading=\"lazy\" decoding=\"async\" aria-describedby=\"caption-attachment-3322\" class=\"wp-image-3322 size-medium\" src=\"http:\/\/www.ucf42.com\/blog\/wp-content\/uploads\/2024\/05\/Podium-victoire-Pierre-CIGOLOTTI-Arsenal-Roanne_010524-281x300.png\" alt=\"\" width=\"281\" height=\"300\" srcset=\"http:\/\/www.ucf42.com\/blog\/wp-content\/uploads\/2024\/05\/Podium-victoire-Pierre-CIGOLOTTI-Arsenal-Roanne_010524-281x300.png 281w, http:\/\/www.ucf42.com\/blog\/wp-content\/uploads\/2024\/05\/Podium-victoire-Pierre-CIGOLOTTI-Arsenal-Roanne_010524.png 748w\" sizes=\"auto, (max-width: 281px) 100vw, 281px\" \/><p id=\"caption-attachment-3322\" class=\"wp-caption-text\">Pierrick CIGOLOTTI vainqueur \u00e0 Roanne Arsenal<\/p><\/div>\n<div id=\"attachment_3323\" style=\"width: 278px\" class=\"wp-caption aligncenter\"><img loading=\"lazy\" decoding=\"async\" aria-describedby=\"caption-attachment-3323\" class=\"wp-image-3323 size-medium\" src=\"http:\/\/www.ucf42.com\/blog\/wp-content\/uploads\/2024\/05\/Podium-3eme-place-Fred-RAULT-Arsenal-Roanne_010524-268x300.png\" alt=\"\" width=\"268\" height=\"300\" srcset=\"http:\/\/www.ucf42.com\/blog\/wp-content\/uploads\/2024\/05\/Podium-3eme-place-Fred-RAULT-Arsenal-Roanne_010524-268x300.png 268w, http:\/\/www.ucf42.com\/blog\/wp-content\/uploads\/2024\/05\/Podium-3eme-place-Fred-RAULT-Arsenal-Roanne_010524.png 634w\" sizes=\"auto, (max-width: 268px) 100vw, 268px\" \/><p id=\"caption-attachment-3323\" class=\"wp-caption-text\">Fr\u00e9d\u00e9ric RAULT 3\u00e8me \u00e0 Roanne Arsenal<\/p><\/div>\n<div id=\"attachment_3324\" style=\"width: 245px\" class=\"wp-caption aligncenter\"><img loading=\"lazy\" decoding=\"async\" aria-describedby=\"caption-attachment-3324\" class=\"wp-image-3324 size-medium\" src=\"http:\/\/www.ucf42.com\/blog\/wp-content\/uploads\/2024\/05\/Podium-2-victoire-Valentin-PORTE-et-Pierrick-CIGOLOTTI-General-Handisport-Veauchette_280424-235x300.png\" alt=\"\" width=\"235\" height=\"300\" \/><p id=\"caption-attachment-3324\" class=\"wp-caption-text\">Pierrick CIGOLTTI et Valentin PORTE<\/p><\/div>\n","protected":false},"excerpt":{"rendered":"<p>Les week-end se suivent et se ressemblent en ce d\u00e9but de saison pour l&#8217;UCF42&#8230; Apr\u00e8s les belles victoires de Sandy CHEVRIER \u00e0 Montrond les Bains et Chalain le Comtal, la victoire de Pierrick CIGOLOTTI en FFC \u00e0 Chauffailles et les podiums de Fr\u00e9d\u00e9ric RAULT \u00e0 Montrond, de Pierrick CIGOLOTTI \u00e0 Montrond et St Chamond, de [&hellip;]<\/p>\n","protected":false},"author":9,"featured_media":3324,"comment_status":"closed","ping_status":"open","sticky":false,"template":"","format":"standard","meta":{"footnotes":""},"categories":[1,26],"tags":[],"class_list":{"0":"post-3314","1":"post","2":"type-post","3":"status-publish","4":"format-standard","5":"has-post-thumbnail","7":"category-actualites","8":"category-resultats-2024","9":"czr-hentry"},"_links":{"self":[{"href":"http:\/\/www.ucf42.com\/blog\/index.php\/wp-json\/wp\/v2\/posts\/3314","targetHints":{"allow":["GET"]}}],"collection":[{"href":"http:\/\/www.ucf42.com\/blog\/index.php\/wp-json\/wp\/v2\/posts"}],"about":[{"href":"http:\/\/www.ucf42.com\/blog\/index.php\/wp-json\/wp\/v2\/types\/post"}],"author":[{"embeddable":true,"href":"http:\/\/www.ucf42.com\/blog\/index.php\/wp-json\/wp\/v2\/users\/9"}],"replies":[{"embeddable":true,"href":"http:\/\/www.ucf42.com\/blog\/index.php\/wp-json\/wp\/v2\/comments?post=3314"}],"version-history":[{"count":3,"href":"http:\/\/www.ucf42.com\/blog\/index.php\/wp-json\/wp\/v2\/posts\/3314\/revisions"}],"predecessor-version":[{"id":3524,"href":"http:\/\/www.ucf42.com\/blog\/index.php\/wp-json\/wp\/v2\/posts\/3314\/revisions\/3524"}],"wp:featuredmedia":[{"embeddable":true,"href":"http:\/\/www.ucf42.com\/blog\/index.php\/wp-json\/wp\/v2\/media\/3324"}],"wp:attachment":[{"href":"http:\/\/www.ucf42.com\/blog\/index.php\/wp-json\/wp\/v2\/media?parent=3314"}],"wp:term":[{"taxonomy":"category","embeddable":true,"href":"http:\/\/www.ucf42.com\/blog\/index.php\/wp-json\/wp\/v2\/categories?post=3314"},{"taxonomy":"post_tag","embeddable":true,"href":"http:\/\/www.ucf42.com\/blog\/index.php\/wp-json\/wp\/v2\/tags?post=3314"}],"curies":[{"name":"wp","href":"https:\/\/api.w.org\/{rel}","templated":true}]}}