{"id":3041,"date":"2023-12-05T13:19:00","date_gmt":"2023-12-05T12:19:00","guid":{"rendered":"http:\/\/www.ucf42.com\/blog\/?p=3041"},"modified":"2024-07-03T16:04:42","modified_gmt":"2024-07-03T14:04:42","slug":"tres-belle-assemblee-generale-ucf42-samedi-2-decembre","status":"publish","type":"post","link":"http:\/\/www.ucf42.com\/blog\/index.php\/2023\/12\/05\/tres-belle-assemblee-generale-ucf42-samedi-2-decembre\/","title":{"rendered":"Tr\u00e8s belle Assembl\u00e9e G\u00e9n\u00e9rale UCF42 samedi 2 d\u00e9cembre"},"content":{"rendered":"<p><img loading=\"lazy\" decoding=\"async\" class=\"aligncenter wp-image-3044 size-full\" src=\"http:\/\/www.ucf42.com\/blog\/wp-content\/uploads\/2023\/12\/1ere-page-prez-AG-UCF42-du-021223.png\" alt=\"\" width=\"1290\" height=\"726\" srcset=\"http:\/\/www.ucf42.com\/blog\/wp-content\/uploads\/2023\/12\/1ere-page-prez-AG-UCF42-du-021223.png 1290w, http:\/\/www.ucf42.com\/blog\/wp-content\/uploads\/2023\/12\/1ere-page-prez-AG-UCF42-du-021223-300x169.png 300w, http:\/\/www.ucf42.com\/blog\/wp-content\/uploads\/2023\/12\/1ere-page-prez-AG-UCF42-du-021223-1024x576.png 1024w, http:\/\/www.ucf42.com\/blog\/wp-content\/uploads\/2023\/12\/1ere-page-prez-AG-UCF42-du-021223-768x432.png 768w\" sizes=\"auto, (max-width: 1290px) 100vw, 1290px\" \/><\/p>\n<p><img loading=\"lazy\" decoding=\"async\" class=\"aligncenter wp-image-3043 size-full\" src=\"http:\/\/www.ucf42.com\/blog\/wp-content\/uploads\/2023\/12\/Photo-3-table-des-recompenses-AG-UCF42-021223-1.jpg\" alt=\"\" width=\"799\" height=\"599\" srcset=\"http:\/\/www.ucf42.com\/blog\/wp-content\/uploads\/2023\/12\/Photo-3-table-des-recompenses-AG-UCF42-021223-1.jpg 799w, http:\/\/www.ucf42.com\/blog\/wp-content\/uploads\/2023\/12\/Photo-3-table-des-recompenses-AG-UCF42-021223-1-300x225.jpg 300w, http:\/\/www.ucf42.com\/blog\/wp-content\/uploads\/2023\/12\/Photo-3-table-des-recompenses-AG-UCF42-021223-1-768x576.jpg 768w\" sizes=\"auto, (max-width: 799px) 100vw, 799px\" \/><\/p>\n<p><img loading=\"lazy\" decoding=\"async\" class=\"aligncenter wp-image-3049 size-full\" src=\"http:\/\/www.ucf42.com\/blog\/wp-content\/uploads\/2023\/12\/Photo-2-recompenses-coureurs-et-benevoles-AG-UCF42-021223.jpg\" alt=\"\" width=\"799\" height=\"599\" srcset=\"http:\/\/www.ucf42.com\/blog\/wp-content\/uploads\/2023\/12\/Photo-2-recompenses-coureurs-et-benevoles-AG-UCF42-021223.jpg 799w, http:\/\/www.ucf42.com\/blog\/wp-content\/uploads\/2023\/12\/Photo-2-recompenses-coureurs-et-benevoles-AG-UCF42-021223-300x225.jpg 300w, http:\/\/www.ucf42.com\/blog\/wp-content\/uploads\/2023\/12\/Photo-2-recompenses-coureurs-et-benevoles-AG-UCF42-021223-768x576.jpg 768w\" sizes=\"auto, (max-width: 799px) 100vw, 799px\" \/><\/p>\n<p>L&#8217;UCF42 organisait son Assembl\u00e9e G\u00e9n\u00e9rale annuelle ce samedi 2 d\u00e9cembre \u00e0 Veauche, une de ses 3 communes partenaires avec Montrond les Bains et Veauchette.<\/p>\n<p>Une assistance tr\u00e8s nombreuse, avec une cinquantaine de personnes, coureurs, b\u00e9n\u00e9voles, \u00e9lus municipaux, repr\u00e9sentants des f\u00e9d\u00e9rations FFC, FSGT, FFH, sponsors et partenaires.<\/p>\n<p>L&#8217;occasion pour le club de revenir sur cette ann\u00e9e 2023, \u00e0 nouveau de qualit\u00e9, tant au niveau sportif qu&#8217;organisationnel.<\/p>\n<p>Pas moins de 12 organisations cette ann\u00e9e, le championnat de la Loire de CLM par \u00e9quipes ayant malheureusement du \u00eatre annul\u00e9 du fait du manque de secouristes avec la coupe du monde de Rugby \u00e0 St Etienne<\/p>\n<p><img loading=\"lazy\" decoding=\"async\" class=\"aligncenter wp-image-3045 size-full\" src=\"http:\/\/www.ucf42.com\/blog\/wp-content\/uploads\/2023\/12\/Page-des-organisations-prez-AG-UCF42-du-021223.png\" alt=\"\" width=\"1287\" height=\"731\" srcset=\"http:\/\/www.ucf42.com\/blog\/wp-content\/uploads\/2023\/12\/Page-des-organisations-prez-AG-UCF42-du-021223.png 1287w, http:\/\/www.ucf42.com\/blog\/wp-content\/uploads\/2023\/12\/Page-des-organisations-prez-AG-UCF42-du-021223-300x170.png 300w, http:\/\/www.ucf42.com\/blog\/wp-content\/uploads\/2023\/12\/Page-des-organisations-prez-AG-UCF42-du-021223-1024x582.png 1024w, http:\/\/www.ucf42.com\/blog\/wp-content\/uploads\/2023\/12\/Page-des-organisations-prez-AG-UCF42-du-021223-768x436.png 768w\" sizes=\"auto, (max-width: 1287px) 100vw, 1287px\" \/><\/p>\n<p>A nouveau de beaux r\u00e9sultats, 19 victoires, port\u00e9es par nos comp\u00e9titeurs handisports Laurent HUYGUE, Pierre FULCHIRON et Fr\u00e9d\u00e9ric RAULT, ainsi que par nos meilleurs coureurs, Didier TALOBRE, Fr\u00e9d\u00e9ric RAULT, Jean Michel SIBILLE, Jean GUILLAUME entre autres&#8230; bravo \u00e0 nos coursiers !<\/p>\n<p><img loading=\"lazy\" decoding=\"async\" class=\"aligncenter wp-image-3047 size-full\" src=\"http:\/\/www.ucf42.com\/blog\/wp-content\/uploads\/2023\/12\/Page-des-resultats-prez-AG-UCF42-du-021223.png\" alt=\"\" width=\"1288\" height=\"730\" srcset=\"http:\/\/www.ucf42.com\/blog\/wp-content\/uploads\/2023\/12\/Page-des-resultats-prez-AG-UCF42-du-021223.png 1288w, http:\/\/www.ucf42.com\/blog\/wp-content\/uploads\/2023\/12\/Page-des-resultats-prez-AG-UCF42-du-021223-300x170.png 300w, http:\/\/www.ucf42.com\/blog\/wp-content\/uploads\/2023\/12\/Page-des-resultats-prez-AG-UCF42-du-021223-1024x580.png 1024w, http:\/\/www.ucf42.com\/blog\/wp-content\/uploads\/2023\/12\/Page-des-resultats-prez-AG-UCF42-du-021223-768x435.png 768w\" sizes=\"auto, (max-width: 1288px) 100vw, 1288px\" \/><\/p>\n<p>L&#8217;occasion \u00e9galement de r\u00e9compenser nos b\u00e9n\u00e9voles, pas moins de 27 adh\u00e9rents ont \u00e9t\u00e9 b\u00e9n\u00e9voles au moins une fois sur l&#8217;ann\u00e9e et 22 de nombreuses fois, un grand MERCI \u00e0 eux, sans eux, pas de courses et pas de club&#8230;<\/p>\n<p><img loading=\"lazy\" decoding=\"async\" class=\"aligncenter wp-image-3048 size-full\" src=\"http:\/\/www.ucf42.com\/blog\/wp-content\/uploads\/2023\/12\/Page-des-benevoles-prez-AG-UCF42-du-021223.png\" alt=\"\" width=\"1289\" height=\"723\" srcset=\"http:\/\/www.ucf42.com\/blog\/wp-content\/uploads\/2023\/12\/Page-des-benevoles-prez-AG-UCF42-du-021223.png 1289w, http:\/\/www.ucf42.com\/blog\/wp-content\/uploads\/2023\/12\/Page-des-benevoles-prez-AG-UCF42-du-021223-300x168.png 300w, http:\/\/www.ucf42.com\/blog\/wp-content\/uploads\/2023\/12\/Page-des-benevoles-prez-AG-UCF42-du-021223-1024x574.png 1024w, http:\/\/www.ucf42.com\/blog\/wp-content\/uploads\/2023\/12\/Page-des-benevoles-prez-AG-UCF42-du-021223-768x431.png 768w\" sizes=\"auto, (max-width: 1289px) 100vw, 1289px\" \/><\/p>\n<p>Un grand merci \u00e0 tous nos partenaires, institutionnels, nos 3 communes Montrond les Bains, Veauche et Veauchette ainsi que le conseil d\u00e9partemental de la Loire, et sponsors priv\u00e9s, dont les aides sont vitales pour notre club.<\/p>\n<p>Un joli projet 2024 s\u00e9rieux, ambitieux et r\u00e9aliste, avec quelques jeunes recrues, arrivants ou revenants&#8230;<\/p>\n<p><img loading=\"lazy\" decoding=\"async\" class=\"size-medium wp-image-3051 aligncenter\" src=\"http:\/\/www.ucf42.com\/blog\/wp-content\/uploads\/2023\/12\/Logo-UCF42-2014-300x300.jpg\" alt=\"\" width=\"300\" height=\"300\" srcset=\"http:\/\/www.ucf42.com\/blog\/wp-content\/uploads\/2023\/12\/Logo-UCF42-2014-300x300.jpg 300w, http:\/\/www.ucf42.com\/blog\/wp-content\/uploads\/2023\/12\/Logo-UCF42-2014-150x150.jpg 150w, http:\/\/www.ucf42.com\/blog\/wp-content\/uploads\/2023\/12\/Logo-UCF42-2014-768x768.jpg 768w, http:\/\/www.ucf42.com\/blog\/wp-content\/uploads\/2023\/12\/Logo-UCF42-2014.jpg 954w\" sizes=\"auto, (max-width: 300px) 100vw, 300px\" \/><\/p>\n<p><img loading=\"lazy\" decoding=\"async\" class=\"aligncenter wp-image-3050 size-full\" src=\"http:\/\/www.ucf42.com\/blog\/wp-content\/uploads\/2023\/12\/Photo-combinaison-UCF42-AG-UCF42-021223.jpg\" alt=\"\" width=\"575\" height=\"768\" srcset=\"http:\/\/www.ucf42.com\/blog\/wp-content\/uploads\/2023\/12\/Photo-combinaison-UCF42-AG-UCF42-021223.jpg 575w, http:\/\/www.ucf42.com\/blog\/wp-content\/uploads\/2023\/12\/Photo-combinaison-UCF42-AG-UCF42-021223-225x300.jpg 225w\" sizes=\"auto, (max-width: 575px) 100vw, 575px\" \/><\/p>\n<p>Un plaisir d&#8217;\u00eatre le pr\u00e9sident de ce club magnifique&#8230;<\/p>\n<p>Vive 2024&nbsp;&nbsp;&nbsp; <img loading=\"lazy\" decoding=\"async\" class=\"alignnone size-full wp-image-3046\" src=\"http:\/\/www.ucf42.com\/blog\/wp-content\/uploads\/2023\/12\/Icone-petite-taille-Je-suis-heureux-facon-velo.png\" alt=\"\" width=\"48\" height=\"47\"><\/p>\n<p>On va y arriver !<\/p>\n","protected":false},"excerpt":{"rendered":"<p>L&#8217;UCF42 organisait son Assembl\u00e9e G\u00e9n\u00e9rale annuelle ce samedi 2 d\u00e9cembre \u00e0 Veauche, une de ses 3 communes partenaires avec Montrond les Bains et Veauchette. Une assistance tr\u00e8s nombreuse, avec une cinquantaine de personnes, coureurs, b\u00e9n\u00e9voles, \u00e9lus municipaux, repr\u00e9sentants des f\u00e9d\u00e9rations FFC, FSGT, FFH, sponsors et partenaires. L&#8217;occasion pour le club de revenir sur cette ann\u00e9e [&hellip;]<\/p>\n","protected":false},"author":9,"featured_media":3051,"comment_status":"closed","ping_status":"open","sticky":false,"template":"","format":"standard","meta":{"footnotes":""},"categories":[1,9],"tags":[],"class_list":{"0":"post-3041","1":"post","2":"type-post","3":"status-publish","4":"format-standard","5":"has-post-thumbnail","7":"category-actualites","8":"category-la-com-du-president","9":"czr-hentry"},"_links":{"self":[{"href":"http:\/\/www.ucf42.com\/blog\/index.php\/wp-json\/wp\/v2\/posts\/3041","targetHints":{"allow":["GET"]}}],"collection":[{"href":"http:\/\/www.ucf42.com\/blog\/index.php\/wp-json\/wp\/v2\/posts"}],"about":[{"href":"http:\/\/www.ucf42.com\/blog\/index.php\/wp-json\/wp\/v2\/types\/post"}],"author":[{"embeddable":true,"href":"http:\/\/www.ucf42.com\/blog\/index.php\/wp-json\/wp\/v2\/users\/9"}],"replies":[{"embeddable":true,"href":"http:\/\/www.ucf42.com\/blog\/index.php\/wp-json\/wp\/v2\/comments?post=3041"}],"version-history":[{"count":6,"href":"http:\/\/www.ucf42.com\/blog\/index.php\/wp-json\/wp\/v2\/posts\/3041\/revisions"}],"predecessor-version":[{"id":3520,"href":"http:\/\/www.ucf42.com\/blog\/index.php\/wp-json\/wp\/v2\/posts\/3041\/revisions\/3520"}],"wp:featuredmedia":[{"embeddable":true,"href":"http:\/\/www.ucf42.com\/blog\/index.php\/wp-json\/wp\/v2\/media\/3051"}],"wp:attachment":[{"href":"http:\/\/www.ucf42.com\/blog\/index.php\/wp-json\/wp\/v2\/media?parent=3041"}],"wp:term":[{"taxonomy":"category","embeddable":true,"href":"http:\/\/www.ucf42.com\/blog\/index.php\/wp-json\/wp\/v2\/categories?post=3041"},{"taxonomy":"post_tag","embeddable":true,"href":"http:\/\/www.ucf42.com\/blog\/index.php\/wp-json\/wp\/v2\/tags?post=3041"}],"curies":[{"name":"wp","href":"https:\/\/api.w.org\/{rel}","templated":true}]}}