{"id":2963,"date":"2023-08-02T10:34:55","date_gmt":"2023-08-02T08:34:55","guid":{"rendered":"http:\/\/www.ucf42.com\/blog\/?p=2963"},"modified":"2024-07-03T22:32:18","modified_gmt":"2024-07-03T20:32:18","slug":"belle-reussite-pour-le-grand-prix-ffc-de-veauche","status":"publish","type":"post","link":"http:\/\/www.ucf42.com\/blog\/index.php\/2023\/08\/02\/belle-reussite-pour-le-grand-prix-ffc-de-veauche\/","title":{"rendered":"Belle r\u00e9ussite pour le Grand Prix FFC de Veauche"},"content":{"rendered":"<p><img loading=\"lazy\" decoding=\"async\" class=\"aligncenter wp-image-2964 size-full\" src=\"http:\/\/www.ucf42.com\/blog\/wp-content\/uploads\/2023\/08\/Photo-podium-pour-article-site-internet.jpg\" alt=\"\" width=\"694\" height=\"520\" srcset=\"http:\/\/www.ucf42.com\/blog\/wp-content\/uploads\/2023\/08\/Photo-podium-pour-article-site-internet.jpg 694w, http:\/\/www.ucf42.com\/blog\/wp-content\/uploads\/2023\/08\/Photo-podium-pour-article-site-internet-300x225.jpg 300w\" sizes=\"auto, (max-width: 694px) 100vw, 694px\" \/><\/p>\n<p>Belle r\u00e9ussite pour notre Grand Prix national FFC de Veauche le dimanche 23 juillet.<\/p>\n<p>Organis\u00e9 cette ann\u00e9e dans les nouvelles cat\u00e9gories OPEN 1, 2 et 3 ainsi que ACCESS 1 et 2, nous sommes partis cette ann\u00e9e sur une \u00e9preuve un dimanche Apm afin de pouvoir faciliter les d\u00e9placements aux coureurs qui viennent de toute la France pour notre grand prix (le vainqueur vient de l&#8217;Aisne&#8230;) et \u00e9galement garantir une bonne participation, les \u00e9preuves FFC nationales ayant du mal \u00e0 avoir des coureurs, les courses du WE ayant d&#8217;ailleurs eu de faibles participations&#8230;<\/p>\n<p>Nous avons bien fait car nous avons r\u00e9ussi \u00e0 avoir une quarantaine de participants, ce qui est bien pour ce type d&#8217;\u00e9preuve.<\/p>\n<p>Une belle course avec des attaques d\u00e8s le d\u00e9part et une \u00e9chapp\u00e9e qui se cr\u00e9e finalement au bout de quelques tours avec une douzaine de coureurs qui ne seront jamais revus par le peloton.<\/p>\n<p>Le vent soutenu perturbait un peu les coureurs qui roulaient tout de m\u00eame \u00e0 pr\u00e8s de 42 km\/h de moyenne sur l&#8217;ensemble de l&#8217;\u00e9preuve.<\/p>\n<p>C&#8217;est finalement Antoine HEYMANS de l&#8217;AOS Courmelles qui l&#8217;emporte devant le vainqueur de l&#8217;an dernier Matis LIEVRE de Corbas et Lucas PRISSAT de Clermont Ferrand.<\/p>\n<p>L&#8217;\u00e9quipe de Corbas Lyon M\u00e9tropole remporte, pour la deuxi\u00e8me ann\u00e9e cons\u00e9cutive, le troph\u00e9e BERCET par \u00e9quipe&#8230; encore une fois et ils pourront le garder d\u00e9finitivement&#8230;<\/p>\n<p>Un grand merci aux b\u00e9n\u00e9voles signaleurs et logistique ainsi qu&#8217;aux services administratifs et techniques de la mairie de Veauche, toujours pr\u00e9sents \u00e0 nos c\u00f4t\u00e9s.<\/p>\n<p>Merci \u00e9galement aux \u00e9lus et \u00e0 Mr le Maire G\u00e9rard DUBOIS pour leur pr\u00e9sence \u00e0 nos c\u00f4t\u00e9s.<\/p>\n<p>Merci au service communication de la ville de Veauche qui a r\u00e9alis\u00e9 cette ann\u00e9e une vid\u00e9o sp\u00e9cifique au Grand Prix :<\/p>\n<p>https:\/\/www.facebook.com\/reel\/232321029203939\/?s=single_unit&#038;__cft__[0]=AZW6DOef08bLA9H03saMZBIhMOIhQzshJOX-LRzk1V2S-A2xWn_1DdCr0QoAWyd_wyeiu3L_vK-E2pMZkyChewtbBM9H031j1XGB0uRObuIcSJu-lDZNmNWvtFNPRjGRqKYqro9Fhu3F6rZKQ2-M8k1LKjBL2gT250_yRtohBAZaJViAJukSfOggYhzYJmPM2DA2FPiJh91JD84l3N3SFlAV&#038;__tn__=H-R<\/p>\n<p><img loading=\"lazy\" decoding=\"async\" class=\"aligncenter wp-image-2966 size-full\" src=\"http:\/\/www.ucf42.com\/blog\/wp-content\/uploads\/2023\/08\/Photo-Classement-pour-article-site-internet.png\" alt=\"\" width=\"677\" height=\"777\" srcset=\"http:\/\/www.ucf42.com\/blog\/wp-content\/uploads\/2023\/08\/Photo-Classement-pour-article-site-internet.png 677w, http:\/\/www.ucf42.com\/blog\/wp-content\/uploads\/2023\/08\/Photo-Classement-pour-article-site-internet-261x300.png 261w\" sizes=\"auto, (max-width: 677px) 100vw, 677px\" \/><\/p>\n","protected":false},"excerpt":{"rendered":"<p>Belle r\u00e9ussite pour notre Grand Prix national FFC de Veauche le dimanche 23 juillet. Organis\u00e9 cette ann\u00e9e dans les nouvelles cat\u00e9gories OPEN 1, 2 et 3 ainsi que ACCESS 1 et 2, nous sommes partis cette ann\u00e9e sur une \u00e9preuve un dimanche Apm afin de pouvoir faciliter les d\u00e9placements aux coureurs qui viennent de toute [&hellip;]<\/p>\n","protected":false},"author":9,"featured_media":2964,"comment_status":"closed","ping_status":"open","sticky":false,"template":"","format":"standard","meta":{"footnotes":""},"categories":[1,27],"tags":[],"class_list":{"0":"post-2963","1":"post","2":"type-post","3":"status-publish","4":"format-standard","5":"has-post-thumbnail","7":"category-actualites","8":"category-nos-organisations","9":"czr-hentry"},"_links":{"self":[{"href":"http:\/\/www.ucf42.com\/blog\/index.php\/wp-json\/wp\/v2\/posts\/2963","targetHints":{"allow":["GET"]}}],"collection":[{"href":"http:\/\/www.ucf42.com\/blog\/index.php\/wp-json\/wp\/v2\/posts"}],"about":[{"href":"http:\/\/www.ucf42.com\/blog\/index.php\/wp-json\/wp\/v2\/types\/post"}],"author":[{"embeddable":true,"href":"http:\/\/www.ucf42.com\/blog\/index.php\/wp-json\/wp\/v2\/users\/9"}],"replies":[{"embeddable":true,"href":"http:\/\/www.ucf42.com\/blog\/index.php\/wp-json\/wp\/v2\/comments?post=2963"}],"version-history":[{"count":3,"href":"http:\/\/www.ucf42.com\/blog\/index.php\/wp-json\/wp\/v2\/posts\/2963\/revisions"}],"predecessor-version":[{"id":3515,"href":"http:\/\/www.ucf42.com\/blog\/index.php\/wp-json\/wp\/v2\/posts\/2963\/revisions\/3515"}],"wp:featuredmedia":[{"embeddable":true,"href":"http:\/\/www.ucf42.com\/blog\/index.php\/wp-json\/wp\/v2\/media\/2964"}],"wp:attachment":[{"href":"http:\/\/www.ucf42.com\/blog\/index.php\/wp-json\/wp\/v2\/media?parent=2963"}],"wp:term":[{"taxonomy":"category","embeddable":true,"href":"http:\/\/www.ucf42.com\/blog\/index.php\/wp-json\/wp\/v2\/categories?post=2963"},{"taxonomy":"post_tag","embeddable":true,"href":"http:\/\/www.ucf42.com\/blog\/index.php\/wp-json\/wp\/v2\/tags?post=2963"}],"curies":[{"name":"wp","href":"https:\/\/api.w.org\/{rel}","templated":true}]}}