{"id":2948,"date":"2023-04-27T19:27:41","date_gmt":"2023-04-27T17:27:41","guid":{"rendered":"http:\/\/www.ucf42.com\/blog\/?p=2948"},"modified":"2024-07-03T22:33:07","modified_gmt":"2024-07-03T20:33:07","slug":"tres-joli-succes-pour-notre-we-handisports-veauchette","status":"publish","type":"post","link":"http:\/\/www.ucf42.com\/blog\/index.php\/2023\/04\/27\/tres-joli-succes-pour-notre-we-handisports-veauchette\/","title":{"rendered":"Tr\u00e8s joli succ\u00e8s pour notre WE Handisports Veauchette"},"content":{"rendered":"<div id=\"attachment_2949\" style=\"width: 325px\" class=\"wp-caption aligncenter\"><img loading=\"lazy\" decoding=\"async\" aria-describedby=\"caption-attachment-2949\" class=\"wp-image-2949 size-full\" src=\"http:\/\/www.ucf42.com\/blog\/wp-content\/uploads\/2023\/04\/Photo-Laurent-et-Fred-pour-site-internet-e1682616450756.jpg\" alt=\"\" width=\"315\" height=\"234\" srcset=\"http:\/\/www.ucf42.com\/blog\/wp-content\/uploads\/2023\/04\/Photo-Laurent-et-Fred-pour-site-internet-e1682616450756.jpg 315w, http:\/\/www.ucf42.com\/blog\/wp-content\/uploads\/2023\/04\/Photo-Laurent-et-Fred-pour-site-internet-e1682616450756-300x223.jpg 300w\" sizes=\"auto, (max-width: 315px) 100vw, 315px\" \/><p id=\"caption-attachment-2949\" class=\"wp-caption-text\">Laurent HUYGHE et Fred RAULT vainqueurs tandem en cat\u00e9gorie v\u00e9t\u00e9ran<\/p><\/div>\n<div class=\"\" dir=\"auto\">\n<div id=\":r5:\" class=\"x1iorvi4 x1pi30zi x1l90r2v x1swvt13\" data-ad-comet-preview=\"message\" data-ad-preview=\"message\">\n<div class=\"x78zum5 xdt5ytf xz62fqu x16ldp7u\">\n<div class=\"xu06os2 x1ok221b\">\n<div class=\"xdj266r x11i5rnm xat24cr x1mh8g0r x1vvkbs x126k92a\">\n<div dir=\"auto\"><\/div>\n<div dir=\"auto\">\u00c9norme succ\u00e8s pour notre WE de coupe de France Handisport \u00e0 Veauchette&#8230; et victoires UCF42 \u00e0 la clef !<\/div>\n<div dir=\"auto\"><\/div>\n<div dir=\"auto\">Apr\u00e8s 3 annulations dues au COVID en 2020 et 2021 et \u00e0 la m\u00e9t\u00e9o neigeuse l&#8217;an dernier&#8230; nous \u00e9tions ultra motiv\u00e9s pour organiser cette manche de coupe de France Handisports 2023&#8230;<\/div>\n<div dir=\"auto\">Environ 60 participants, un record depuis 10 ans&#8230; presque 40 v\u00e9los et tandems, 15 hand-bikes et 2 tricycles..<\/div>\n<div dir=\"auto\"><\/div>\n<div dir=\"auto\">Et, pour couronner ce succ\u00e8s&#8230;&nbsp;3 victoires UCF42&#8230;<\/div>\n<div dir=\"auto\"><\/div>\n<div dir=\"auto\">En effet, notre tandem champion de France Laurent HUYGHE et Fred RAULT, qui rempla\u00e7ait Pierre FULCHIRON bless\u00e9&#8230; terminent 3\u00e8mes au scratch et 1ers v\u00e9t\u00e9rans, sur la course en ligne du samedi, sur le CLM du dimanche matin et bien s\u00fbr au g\u00e9n\u00e9ral&#8230;<\/div>\n<div dir=\"auto\"><\/div>\n<div dir=\"auto\">Notre 2\u00e8me tandem avec \u00c9ric Marchand qui donne un coup de main \u00e0 l&#8217;UCF42, associ\u00e9 \u00e0 notre ancien champion de France Yves Bayon terminent 4\u00e8mes au scratch et 2\u00e8mes v\u00e9t\u00e9rans.<\/div>\n<div dir=\"auto\"><\/div>\n<div dir=\"auto\">Un grand merci aux b\u00e9n\u00e9voles de St \u00c9tienne Handisport, de L&#8217;UCF42 et aux motards de Bonson et de L&#8217;UCF42<\/div>\n<div dir=\"auto\"><\/div>\n<div dir=\"auto\">Merci \u00e9galement au maire de Veauchette Jean Paul TISSOT et aux membres du conseil municipal, toujours pr\u00e9sents pour nous aider<\/div>\n<div dir=\"auto\"><\/div>\n<div dir=\"auto\">Merci aux \u00e9lus pr\u00e9sents, notre conseiller d\u00e9partemental Sylvain DARDOULLIER ainsi qu&#8217;aux \u00e9lus de Loire Forez<\/div>\n<div dir=\"auto\"><\/div>\n<div dir=\"auto\">La meilleure r\u00e9compense est le sourire sur tous les visages&#8230; participants de toute la France et b\u00e9n\u00e9voles<\/div>\n<\/div>\n<\/div>\n<\/div>\n<div dir=\"auto\"><\/div>\n<div class=\"x78zum5 xdt5ytf xz62fqu x16ldp7u\">\n<div class=\"xu06os2 x1ok221b\">\n<div class=\"xdj266r x11i5rnm xat24cr x1mh8g0r x1vvkbs x126k92a\">\n<div dir=\"auto\">Avec la saison d\u2019hiver et ce d\u00e9but de saison sur route, nous sommes maintenant \u00e0 9&nbsp;victoires sur cette saison 2023\u2026<\/div>\n<div dir=\"auto\"><\/div>\n<div dir=\"auto\">On va y arriver !<\/div>\n<div dir=\"auto\"><img loading=\"lazy\" decoding=\"async\" class=\"aligncenter wp-image-2950 size-large\" src=\"http:\/\/www.ucf42.com\/blog\/wp-content\/uploads\/2023\/04\/Laurent-et-Pierre-avec-le-tandem-apres-la-course-1024x768.jpg\" alt=\"\" width=\"1024\" height=\"768\" srcset=\"http:\/\/www.ucf42.com\/blog\/wp-content\/uploads\/2023\/04\/Laurent-et-Pierre-avec-le-tandem-apres-la-course-1024x768.jpg 1024w, http:\/\/www.ucf42.com\/blog\/wp-content\/uploads\/2023\/04\/Laurent-et-Pierre-avec-le-tandem-apres-la-course-300x225.jpg 300w, http:\/\/www.ucf42.com\/blog\/wp-content\/uploads\/2023\/04\/Laurent-et-Pierre-avec-le-tandem-apres-la-course-768x576.jpg 768w, http:\/\/www.ucf42.com\/blog\/wp-content\/uploads\/2023\/04\/Laurent-et-Pierre-avec-le-tandem-apres-la-course-1536x1152.jpg 1536w, http:\/\/www.ucf42.com\/blog\/wp-content\/uploads\/2023\/04\/Laurent-et-Pierre-avec-le-tandem-apres-la-course.jpg 2048w\" sizes=\"auto, (max-width: 1024px) 100vw, 1024px\" \/><\/div>\n<div dir=\"auto\"><\/div>\n<div dir=\"auto\"><img loading=\"lazy\" decoding=\"async\" class=\"aligncenter wp-image-2951 size-large\" src=\"http:\/\/www.ucf42.com\/blog\/wp-content\/uploads\/2023\/04\/Discours-president-de-Loire-Forez-1024x768.jpg\" alt=\"\" width=\"1024\" height=\"768\" srcset=\"http:\/\/www.ucf42.com\/blog\/wp-content\/uploads\/2023\/04\/Discours-president-de-Loire-Forez-1024x768.jpg 1024w, http:\/\/www.ucf42.com\/blog\/wp-content\/uploads\/2023\/04\/Discours-president-de-Loire-Forez-300x225.jpg 300w, http:\/\/www.ucf42.com\/blog\/wp-content\/uploads\/2023\/04\/Discours-president-de-Loire-Forez-768x576.jpg 768w, http:\/\/www.ucf42.com\/blog\/wp-content\/uploads\/2023\/04\/Discours-president-de-Loire-Forez-1536x1152.jpg 1536w, http:\/\/www.ucf42.com\/blog\/wp-content\/uploads\/2023\/04\/Discours-president-de-Loire-Forez.jpg 2048w\" sizes=\"auto, (max-width: 1024px) 100vw, 1024px\" \/><\/div>\n<div dir=\"auto\"><\/div>\n<\/div>\n<\/div>\n<div dir=\"auto\"><img loading=\"lazy\" decoding=\"async\" class=\"aligncenter wp-image-2952 size-large\" src=\"http:\/\/www.ucf42.com\/blog\/wp-content\/uploads\/2023\/04\/Discours-maire-de-Veauchette-1024x768.jpg\" alt=\"\" width=\"1024\" height=\"768\" srcset=\"http:\/\/www.ucf42.com\/blog\/wp-content\/uploads\/2023\/04\/Discours-maire-de-Veauchette-1024x768.jpg 1024w, http:\/\/www.ucf42.com\/blog\/wp-content\/uploads\/2023\/04\/Discours-maire-de-Veauchette-300x225.jpg 300w, http:\/\/www.ucf42.com\/blog\/wp-content\/uploads\/2023\/04\/Discours-maire-de-Veauchette-768x576.jpg 768w, http:\/\/www.ucf42.com\/blog\/wp-content\/uploads\/2023\/04\/Discours-maire-de-Veauchette-1536x1152.jpg 1536w, http:\/\/www.ucf42.com\/blog\/wp-content\/uploads\/2023\/04\/Discours-maire-de-Veauchette.jpg 2048w\" sizes=\"auto, (max-width: 1024px) 100vw, 1024px\" \/><\/div>\n<div dir=\"auto\"><\/div>\n<\/div>\n<\/div>\n<div dir=\"auto\"><img loading=\"lazy\" decoding=\"async\" class=\"aligncenter wp-image-2953 size-large\" src=\"http:\/\/www.ucf42.com\/blog\/wp-content\/uploads\/2023\/04\/Discours-Pierre-BAYARD-1024x768.jpg\" alt=\"\" width=\"1024\" height=\"768\" srcset=\"http:\/\/www.ucf42.com\/blog\/wp-content\/uploads\/2023\/04\/Discours-Pierre-BAYARD-1024x768.jpg 1024w, http:\/\/www.ucf42.com\/blog\/wp-content\/uploads\/2023\/04\/Discours-Pierre-BAYARD-300x225.jpg 300w, http:\/\/www.ucf42.com\/blog\/wp-content\/uploads\/2023\/04\/Discours-Pierre-BAYARD-768x576.jpg 768w, http:\/\/www.ucf42.com\/blog\/wp-content\/uploads\/2023\/04\/Discours-Pierre-BAYARD-1536x1152.jpg 1536w, http:\/\/www.ucf42.com\/blog\/wp-content\/uploads\/2023\/04\/Discours-Pierre-BAYARD.jpg 2048w\" sizes=\"auto, (max-width: 1024px) 100vw, 1024px\" \/><\/div>\n<div dir=\"auto\"><\/div>\n<div dir=\"auto\"><img loading=\"lazy\" decoding=\"async\" class=\"aligncenter wp-image-2954 size-large\" src=\"http:\/\/www.ucf42.com\/blog\/wp-content\/uploads\/2023\/04\/Podium-tandems-1024x768.jpg\" alt=\"\" width=\"1024\" height=\"768\" srcset=\"http:\/\/www.ucf42.com\/blog\/wp-content\/uploads\/2023\/04\/Podium-tandems-1024x768.jpg 1024w, http:\/\/www.ucf42.com\/blog\/wp-content\/uploads\/2023\/04\/Podium-tandems-300x225.jpg 300w, http:\/\/www.ucf42.com\/blog\/wp-content\/uploads\/2023\/04\/Podium-tandems-768x576.jpg 768w, http:\/\/www.ucf42.com\/blog\/wp-content\/uploads\/2023\/04\/Podium-tandems-1536x1152.jpg 1536w, http:\/\/www.ucf42.com\/blog\/wp-content\/uploads\/2023\/04\/Podium-tandems.jpg 2048w\" sizes=\"auto, (max-width: 1024px) 100vw, 1024px\" \/><\/div>\n<div dir=\"auto\"><\/div>\n<div dir=\"auto\"><img loading=\"lazy\" decoding=\"async\" class=\"aligncenter wp-image-2955 size-large\" src=\"http:\/\/www.ucf42.com\/blog\/wp-content\/uploads\/2023\/04\/Podium-victoire-Laurent-et-Fred-1024x768.jpg\" alt=\"\" width=\"1024\" height=\"768\" srcset=\"http:\/\/www.ucf42.com\/blog\/wp-content\/uploads\/2023\/04\/Podium-victoire-Laurent-et-Fred-1024x768.jpg 1024w, http:\/\/www.ucf42.com\/blog\/wp-content\/uploads\/2023\/04\/Podium-victoire-Laurent-et-Fred-300x225.jpg 300w, http:\/\/www.ucf42.com\/blog\/wp-content\/uploads\/2023\/04\/Podium-victoire-Laurent-et-Fred-768x576.jpg 768w, http:\/\/www.ucf42.com\/blog\/wp-content\/uploads\/2023\/04\/Podium-victoire-Laurent-et-Fred-1536x1152.jpg 1536w, http:\/\/www.ucf42.com\/blog\/wp-content\/uploads\/2023\/04\/Podium-victoire-Laurent-et-Fred.jpg 2048w\" sizes=\"auto, (max-width: 1024px) 100vw, 1024px\" \/><\/div>\n<div dir=\"auto\"><\/div>\n<div dir=\"auto\"><img loading=\"lazy\" decoding=\"async\" class=\"aligncenter wp-image-2956 size-large\" src=\"http:\/\/www.ucf42.com\/blog\/wp-content\/uploads\/2023\/04\/Podium-tandems-UCF42-1024x768.jpg\" alt=\"\" width=\"1024\" height=\"768\" srcset=\"http:\/\/www.ucf42.com\/blog\/wp-content\/uploads\/2023\/04\/Podium-tandems-UCF42-1024x768.jpg 1024w, http:\/\/www.ucf42.com\/blog\/wp-content\/uploads\/2023\/04\/Podium-tandems-UCF42-300x225.jpg 300w, http:\/\/www.ucf42.com\/blog\/wp-content\/uploads\/2023\/04\/Podium-tandems-UCF42-768x576.jpg 768w, http:\/\/www.ucf42.com\/blog\/wp-content\/uploads\/2023\/04\/Podium-tandems-UCF42-1536x1152.jpg 1536w, http:\/\/www.ucf42.com\/blog\/wp-content\/uploads\/2023\/04\/Podium-tandems-UCF42.jpg 2048w\" sizes=\"auto, (max-width: 1024px) 100vw, 1024px\" \/><\/div>\n<\/div>\n","protected":false},"excerpt":{"rendered":"<p>\u00c9norme succ\u00e8s pour notre WE de coupe de France Handisport \u00e0 Veauchette&#8230; et victoires UCF42 \u00e0 la clef ! Apr\u00e8s 3 annulations dues au COVID en 2020 et 2021 et \u00e0 la m\u00e9t\u00e9o neigeuse l&#8217;an dernier&#8230; nous \u00e9tions ultra motiv\u00e9s pour organiser cette manche de coupe de France Handisports 2023&#8230; Environ 60 participants, un record [&hellip;]<\/p>\n","protected":false},"author":9,"featured_media":2949,"comment_status":"closed","ping_status":"open","sticky":false,"template":"","format":"standard","meta":{"footnotes":""},"categories":[1,27,4],"tags":[],"class_list":{"0":"post-2948","1":"post","2":"type-post","3":"status-publish","4":"format-standard","5":"has-post-thumbnail","7":"category-actualites","8":"category-nos-organisations","9":"category-resultats","10":"czr-hentry"},"_links":{"self":[{"href":"http:\/\/www.ucf42.com\/blog\/index.php\/wp-json\/wp\/v2\/posts\/2948","targetHints":{"allow":["GET"]}}],"collection":[{"href":"http:\/\/www.ucf42.com\/blog\/index.php\/wp-json\/wp\/v2\/posts"}],"about":[{"href":"http:\/\/www.ucf42.com\/blog\/index.php\/wp-json\/wp\/v2\/types\/post"}],"author":[{"embeddable":true,"href":"http:\/\/www.ucf42.com\/blog\/index.php\/wp-json\/wp\/v2\/users\/9"}],"replies":[{"embeddable":true,"href":"http:\/\/www.ucf42.com\/blog\/index.php\/wp-json\/wp\/v2\/comments?post=2948"}],"version-history":[{"count":3,"href":"http:\/\/www.ucf42.com\/blog\/index.php\/wp-json\/wp\/v2\/posts\/2948\/revisions"}],"predecessor-version":[{"id":3639,"href":"http:\/\/www.ucf42.com\/blog\/index.php\/wp-json\/wp\/v2\/posts\/2948\/revisions\/3639"}],"wp:featuredmedia":[{"embeddable":true,"href":"http:\/\/www.ucf42.com\/blog\/index.php\/wp-json\/wp\/v2\/media\/2949"}],"wp:attachment":[{"href":"http:\/\/www.ucf42.com\/blog\/index.php\/wp-json\/wp\/v2\/media?parent=2948"}],"wp:term":[{"taxonomy":"category","embeddable":true,"href":"http:\/\/www.ucf42.com\/blog\/index.php\/wp-json\/wp\/v2\/categories?post=2948"},{"taxonomy":"post_tag","embeddable":true,"href":"http:\/\/www.ucf42.com\/blog\/index.php\/wp-json\/wp\/v2\/tags?post=2948"}],"curies":[{"name":"wp","href":"https:\/\/api.w.org\/{rel}","templated":true}]}}