{"id":2803,"date":"2022-10-06T14:27:08","date_gmt":"2022-10-06T12:27:08","guid":{"rendered":"http:\/\/www.ucf42.com\/blog\/?p=2803"},"modified":"2024-07-03T22:35:25","modified_gmt":"2024-07-03T20:35:25","slug":"inscriptions-we-terre-de-montrond-des-15-et-16-octobre","status":"publish","type":"post","link":"http:\/\/www.ucf42.com\/blog\/index.php\/2022\/10\/06\/inscriptions-we-terre-de-montrond-des-15-et-16-octobre\/","title":{"rendered":"Inscriptions &#8220;WE Terre&#8221; de Montrond des 15 et 16 octobre"},"content":{"rendered":"<p><img loading=\"lazy\" decoding=\"async\" class=\"aligncenter wp-image-2805 size-full\" src=\"http:\/\/www.ucf42.com\/blog\/wp-content\/uploads\/2022\/10\/Photo-WE-Terre-Montrond-2022-pour-article-site-internet.jpg\" alt=\"\" width=\"597\" height=\"426\" srcset=\"http:\/\/www.ucf42.com\/blog\/wp-content\/uploads\/2022\/10\/Photo-WE-Terre-Montrond-2022-pour-article-site-internet.jpg 597w, http:\/\/www.ucf42.com\/blog\/wp-content\/uploads\/2022\/10\/Photo-WE-Terre-Montrond-2022-pour-article-site-internet-300x214.jpg 300w\" sizes=\"auto, (max-width: 597px) 100vw, 597px\" \/><\/p>\n<p>Comme vous le savez tous, l\u2019UCF2 organise les 15 et 16 octobre dans le pr\u00e9 et autour du ch\u00e2teau de Montrond les Bains, son \u201cWeek-End Terre\u201d, sur 2 jours depuis deux ans maintenant.<\/p>\n<p>Cette ann\u00e9e, \u00e0 nouveau un cyclo-cross par \u00e9tapes :<\/p>\n<ul>\n<li>Le samedi :\n<ul>\n<li>14H : course r\u00e9serv\u00e9e aux enfants (poussins, pupilles, benjamin), gar\u00e7ons et filles<\/li>\n<li>15H : course r\u00e9serv\u00e9e aux jeunes (gar\u00e7ons et filles de minimes \u00e0 cadets) et aux f\u00e9minines (juniors et au del\u00e0)<\/li>\n<\/ul>\n<\/li>\n<li>Le dimanche : cyclo-cross par \u00e9tapes hommes adultes (juniors et au del\u00e0)\n<ul>\n<li>14H : 1\u00e8re \u00e9tape contre la montre sur 1 tour<\/li>\n<li>15H30 : 2\u00e8me \u00e9tape \u201cen ligne\u201d sur 50 minutes cette ann\u00e9e, \u00e0 la demande des coureurs<\/li>\n<li>Le r\u00e9sultat du contre la montre d\u00e9terminera la grille de d\u00e9part de la course en ligne, sauf pour les VTT qui seront en derni\u00e8re ligne<\/li>\n<\/ul>\n<\/li>\n<\/ul>\n<p>Course prioritairement r\u00e9serv\u00e9e aux licenci\u00e9s FSGT&nbsp; mais ouverte aux autres licenci\u00e9s (FFC, UFOLEP, etc\u2026) ainsi qu\u2019aux non licenci\u00e9s sur&nbsp; pr\u00e9sentation d\u2019un certificat m\u00e9dical autorisant la pratique du cyclisme en comp\u00e9tition.<\/p>\n<p>A partir du mardi 11 octobre, plus de priorit\u00e9 d\u2019inscription aux coureurs FSGT, ouverture \u00e0 tous les demandeurs.<\/p>\n<p>Cl\u00f4ture des inscriptions le jeudi 13 octobre au soir.<\/p>\n<p>Epreuve de cyclo-cross du dimanche limit\u00e9e \u00e0 50 coureurs maximum<\/p>\n<p>Tarifs : 5 Euros pour les licenci\u00e9s FSGT, 10 Euros pour les autres, gratuit pour les jeunes et les enfants jusqu\u2019\u00e0 cadet inclus. Paiement sur place obligatoirement par ch\u00e8que.<\/p>\n<p>Inscription uniquement en ligne via le lien :<\/p>\n<p>https:\/\/forms.gle\/tecJFJYrkmfpRixa7<\/p>\n<p>Nous vous attendons nombreux <img decoding=\"async\" class=\"emoji\" role=\"img\" draggable=\"false\" src=\"https:\/\/s.w.org\/images\/core\/emoji\/13.0.1\/svg\/1f642.svg\" alt=\"&#x1f642;\"><\/p>\n<p>On va y arriver !<\/p>\n","protected":false},"excerpt":{"rendered":"<p>Comme vous le savez tous, l\u2019UCF2 organise les 15 et 16 octobre dans le pr\u00e9 et autour du ch\u00e2teau de Montrond les Bains, son \u201cWeek-End Terre\u201d, sur 2 jours depuis deux ans maintenant. Cette ann\u00e9e, \u00e0 nouveau un cyclo-cross par \u00e9tapes : Le samedi : 14H : course r\u00e9serv\u00e9e aux enfants (poussins, pupilles, benjamin), gar\u00e7ons [&hellip;]<\/p>\n","protected":false},"author":9,"featured_media":2805,"comment_status":"closed","ping_status":"open","sticky":false,"template":"","format":"standard","meta":{"footnotes":""},"categories":[1,27],"tags":[],"class_list":{"0":"post-2803","1":"post","2":"type-post","3":"status-publish","4":"format-standard","5":"has-post-thumbnail","7":"category-actualites","8":"category-nos-organisations","9":"czr-hentry"},"_links":{"self":[{"href":"http:\/\/www.ucf42.com\/blog\/index.php\/wp-json\/wp\/v2\/posts\/2803","targetHints":{"allow":["GET"]}}],"collection":[{"href":"http:\/\/www.ucf42.com\/blog\/index.php\/wp-json\/wp\/v2\/posts"}],"about":[{"href":"http:\/\/www.ucf42.com\/blog\/index.php\/wp-json\/wp\/v2\/types\/post"}],"author":[{"embeddable":true,"href":"http:\/\/www.ucf42.com\/blog\/index.php\/wp-json\/wp\/v2\/users\/9"}],"replies":[{"embeddable":true,"href":"http:\/\/www.ucf42.com\/blog\/index.php\/wp-json\/wp\/v2\/comments?post=2803"}],"version-history":[{"count":4,"href":"http:\/\/www.ucf42.com\/blog\/index.php\/wp-json\/wp\/v2\/posts\/2803\/revisions"}],"predecessor-version":[{"id":3641,"href":"http:\/\/www.ucf42.com\/blog\/index.php\/wp-json\/wp\/v2\/posts\/2803\/revisions\/3641"}],"wp:featuredmedia":[{"embeddable":true,"href":"http:\/\/www.ucf42.com\/blog\/index.php\/wp-json\/wp\/v2\/media\/2805"}],"wp:attachment":[{"href":"http:\/\/www.ucf42.com\/blog\/index.php\/wp-json\/wp\/v2\/media?parent=2803"}],"wp:term":[{"taxonomy":"category","embeddable":true,"href":"http:\/\/www.ucf42.com\/blog\/index.php\/wp-json\/wp\/v2\/categories?post=2803"},{"taxonomy":"post_tag","embeddable":true,"href":"http:\/\/www.ucf42.com\/blog\/index.php\/wp-json\/wp\/v2\/tags?post=2803"}],"curies":[{"name":"wp","href":"https:\/\/api.w.org\/{rel}","templated":true}]}}