{"id":2758,"date":"2022-07-27T00:35:02","date_gmt":"2022-07-26T22:35:02","guid":{"rendered":"http:\/\/www.ucf42.com\/blog\/?p=2758"},"modified":"2024-07-03T22:37:37","modified_gmt":"2024-07-03T20:37:37","slug":"joli-succes-pour-le-grand-prix-ffc-ucf42-de-veauche","status":"publish","type":"post","link":"http:\/\/www.ucf42.com\/blog\/index.php\/2022\/07\/27\/joli-succes-pour-le-grand-prix-ffc-ucf42-de-veauche\/","title":{"rendered":"Joli succ\u00e8s pour le Grand Prix FFC UCF42 de Veauche"},"content":{"rendered":"<div id=\"attachment_2759\" style=\"width: 577px\" class=\"wp-caption aligncenter\"><img loading=\"lazy\" decoding=\"async\" aria-describedby=\"caption-attachment-2759\" class=\"wp-image-2759 size-full\" src=\"http:\/\/www.ucf42.com\/blog\/wp-content\/uploads\/2022\/07\/Podium-Scratch-Grand-Prix-FFC-de-Veauche_250722.png\" alt=\"\" width=\"567\" height=\"655\" srcset=\"http:\/\/www.ucf42.com\/blog\/wp-content\/uploads\/2022\/07\/Podium-Scratch-Grand-Prix-FFC-de-Veauche_250722.png 567w, http:\/\/www.ucf42.com\/blog\/wp-content\/uploads\/2022\/07\/Podium-Scratch-Grand-Prix-FFC-de-Veauche_250722-260x300.png 260w\" sizes=\"auto, (max-width: 567px) 100vw, 567px\" \/><p id=\"caption-attachment-2759\" class=\"wp-caption-text\">Le podium scratch du Grand Prix FFC de Veauche le 25 juillet 2022<\/p><\/div>\n<p>Ce lundi 25 juillet, en semi nocturne, avait lieu le 70\u00e8me Grand Prix FFC, souvenir Andr\u00e9 MICHALET, de la ville de Veauche.<\/p>\n<p>Course nationale pour les cat\u00e9gories 2, 3, J et Pass Open.<\/p>\n<p>42 coureurs inscrits, dans la moyenne des courses actuelles, ce qui est plut\u00f4t bien pour une course un lundi soir&#8230;<\/p>\n<p>Un tr\u00e8s beau plateau avec de tr\u00e8s bons coureurs venus, de Lyon, Corbas, Villefranche, Martigues, Aix en Provence, Orl\u00e9ans, Chamb\u00e9ry, Ambert, Valence, ou encore Tournus en Bourgogne&#8230; aux c\u00f4t\u00e9s des coureurs de la Loire du CR4C Roanne, de l&#8217;ECSEL St Etienne, du V\u00e9lo Club Feurs Balbigny, de Pelussin ou de la Roue d&#8217;Or du Chambon&#8230; ainsi que notre repr\u00e9sentant UCF42 Fr\u00e9d\u00e9ric RAULT dont c&#8217;\u00e9tait la premi\u00e8re course \u00e0 ce niveau&#8230;<\/p>\n<p>Course tr\u00e8s anim\u00e9e d\u00e8s le d\u00e9part et tout au long des 75 km parcourus \u00e0 plus de 42 km\/h de moyenne malgr\u00e9 un tr\u00e8s fort vent de face dans la ligne droite oppos\u00e9e du circuit.<\/p>\n<p>La bonne \u00e9chapp\u00e9e se dessine aux environs des 2\/3 du parcours avec une douzaine de coureurs qui allaient r\u00e9sister aux diff\u00e9rents groupes de chasse pour aller se disputer la victoire au sprint o\u00f9 Matis LIEVRE, du VC Corbas, l&#8217;emporte magistralement devant l&#8217;ancien champion du monde de cyclo-cross Lionel GENTHON de Valence et son partenaire Romain MALBREIL du VC Corbas, Martial BARBEZAT du CR4C Roanne et ancien membre de l&#8217;UCF42 terminant au pied du podium \u00e0 une belle 4\u00e8me place.<\/p>\n<p>Le troph\u00e9e BERCET, remis par Gilles BERCET, en souvenir de son grand p\u00e8re Baptiste BERCET, \u00e0 la meilleure \u00e9quipe sur le nombre de places, revient au VC Corbas avec les 1\u00e8re, 3\u00e8me et 11\u00e8me place.<\/p>\n<p>Toutes les r\u00e9compenses offertes et remises par Mr le Maire G\u00e9rard DUBOIS et plusieurs adjoints et conseillers municipaux dont Val\u00e9rie TISSOT, fid\u00e8le parmi les fid\u00e8les du Grand Prix de Veauche.<\/p>\n<p>La municipalit\u00e9, lors d&#8217;un moment tr\u00e8s convivial, a offert le &#8220;verre de l&#8217;amiti\u00e9&#8221; aux participants, organisateurs, \u00e0 tous les b\u00e9n\u00e9voles ainsi qu&#8217;aux associations veauchoises invit\u00e9es \u00e0 cette occasion.<\/p>\n<p>Merci \u00e0 la municipalit\u00e9 pour son accueil, son aide technique et logistique plus que pr\u00e9cieuse et surtout un grand MERCI aux b\u00e9n\u00e9voles et signaleurs qui, nous ne le dirons jamais assez, rendent possible cette \u00e9preuve&#8230; sans b\u00e9n\u00e9voles&#8230; pas de course&#8230;<\/p>\n<p>Prochaine \u00e9preuve UCF42, le crit\u00e9rium FFC de Montrond les Bains, courses Pass cycliste et f\u00e9minines en ouverture \u00e0 16H et crit\u00e9rium national 2, 3, J et Pass Open \u00e0 18H<\/p>\n<p>On va y arriver !<\/p>\n<div id=\"attachment_2760\" style=\"width: 752px\" class=\"wp-caption aligncenter\"><img loading=\"lazy\" decoding=\"async\" aria-describedby=\"caption-attachment-2760\" class=\"wp-image-2760 size-full\" src=\"http:\/\/www.ucf42.com\/blog\/wp-content\/uploads\/2022\/07\/Arrivee-vainqueur-Grand-Prix-FFC-de-Veauche_250722.png\" alt=\"\" width=\"742\" height=\"571\" srcset=\"http:\/\/www.ucf42.com\/blog\/wp-content\/uploads\/2022\/07\/Arrivee-vainqueur-Grand-Prix-FFC-de-Veauche_250722.png 742w, http:\/\/www.ucf42.com\/blog\/wp-content\/uploads\/2022\/07\/Arrivee-vainqueur-Grand-Prix-FFC-de-Veauche_250722-300x231.png 300w\" sizes=\"auto, (max-width: 742px) 100vw, 742px\" \/><p id=\"caption-attachment-2760\" class=\"wp-caption-text\">Victoire de Matis LIEVRE du VC Corbas<\/p><\/div>\n<div id=\"attachment_2761\" style=\"width: 555px\" class=\"wp-caption aligncenter\"><img loading=\"lazy\" decoding=\"async\" aria-describedby=\"caption-attachment-2761\" class=\"wp-image-2761 size-full\" src=\"http:\/\/www.ucf42.com\/blog\/wp-content\/uploads\/2022\/07\/Podium-Scratch-Grand-Prix-FFC-de-Veauche_250722-1-e1658875618298.png\" alt=\"\" width=\"545\" height=\"325\" srcset=\"http:\/\/www.ucf42.com\/blog\/wp-content\/uploads\/2022\/07\/Podium-Scratch-Grand-Prix-FFC-de-Veauche_250722-1-e1658875618298.png 545w, http:\/\/www.ucf42.com\/blog\/wp-content\/uploads\/2022\/07\/Podium-Scratch-Grand-Prix-FFC-de-Veauche_250722-1-e1658875618298-300x179.png 300w\" sizes=\"auto, (max-width: 545px) 100vw, 545px\" \/><p id=\"caption-attachment-2761\" class=\"wp-caption-text\">Le podium scratch du Grand Prix FFC de Veauche 2022<\/p><\/div>\n<div id=\"attachment_2762\" style=\"width: 1034px\" class=\"wp-caption aligncenter\"><img loading=\"lazy\" decoding=\"async\" aria-describedby=\"caption-attachment-2762\" class=\"wp-image-2762 size-large\" src=\"http:\/\/www.ucf42.com\/blog\/wp-content\/uploads\/2022\/07\/Podium-complet-Grand-Prix-de-Veauche_250722-1024x683.jpg\" alt=\"\" width=\"1024\" height=\"683\" srcset=\"http:\/\/www.ucf42.com\/blog\/wp-content\/uploads\/2022\/07\/Podium-complet-Grand-Prix-de-Veauche_250722-1024x683.jpg 1024w, http:\/\/www.ucf42.com\/blog\/wp-content\/uploads\/2022\/07\/Podium-complet-Grand-Prix-de-Veauche_250722-300x200.jpg 300w, http:\/\/www.ucf42.com\/blog\/wp-content\/uploads\/2022\/07\/Podium-complet-Grand-Prix-de-Veauche_250722-768x512.jpg 768w, http:\/\/www.ucf42.com\/blog\/wp-content\/uploads\/2022\/07\/Podium-complet-Grand-Prix-de-Veauche_250722.jpg 1224w\" sizes=\"auto, (max-width: 1024px) 100vw, 1024px\" \/><p id=\"caption-attachment-2762\" class=\"wp-caption-text\">Le podium complet du Grand Prix de Veauche FFC<\/p><\/div>\n<div id=\"attachment_2763\" style=\"width: 505px\" class=\"wp-caption aligncenter\"><img loading=\"lazy\" decoding=\"async\" aria-describedby=\"caption-attachment-2763\" class=\"wp-image-2763 size-full\" src=\"http:\/\/www.ucf42.com\/blog\/wp-content\/uploads\/2022\/07\/Podium-remise-trophee-BERCET-Grand-Prix-FFC-de-Veauche_250722.png\" alt=\"\" width=\"495\" height=\"428\" srcset=\"http:\/\/www.ucf42.com\/blog\/wp-content\/uploads\/2022\/07\/Podium-remise-trophee-BERCET-Grand-Prix-FFC-de-Veauche_250722.png 495w, http:\/\/www.ucf42.com\/blog\/wp-content\/uploads\/2022\/07\/Podium-remise-trophee-BERCET-Grand-Prix-FFC-de-Veauche_250722-300x259.png 300w\" sizes=\"auto, (max-width: 495px) 100vw, 495px\" \/><p id=\"caption-attachment-2763\" class=\"wp-caption-text\">Le troph\u00e9e BERCET remis au VC Corbas<\/p><\/div>\n<div id=\"attachment_2764\" style=\"width: 118px\" class=\"wp-caption aligncenter\"><img loading=\"lazy\" decoding=\"async\" aria-describedby=\"caption-attachment-2764\" class=\"wp-image-2764 size-full\" src=\"http:\/\/www.ucf42.com\/blog\/wp-content\/uploads\/2022\/07\/Podium-Fred-RAULT-1er-du-club-UCF42-Grand-Prix-FFC-de-Veauche_250722.png\" alt=\"\" width=\"108\" height=\"324\" srcset=\"http:\/\/www.ucf42.com\/blog\/wp-content\/uploads\/2022\/07\/Podium-Fred-RAULT-1er-du-club-UCF42-Grand-Prix-FFC-de-Veauche_250722.png 108w, http:\/\/www.ucf42.com\/blog\/wp-content\/uploads\/2022\/07\/Podium-Fred-RAULT-1er-du-club-UCF42-Grand-Prix-FFC-de-Veauche_250722-100x300.png 100w\" sizes=\"auto, (max-width: 108px) 100vw, 108px\" \/><p id=\"caption-attachment-2764\" class=\"wp-caption-text\">Fr\u00e9d\u00e9ric RAULT, premier du club UCF42<\/p><\/div>\n<p><a href=\"http:\/\/www.ucf42.com\/blog\/wp-content\/uploads\/2022\/07\/20220725-Classement-GP-de-VEAUCHE-2022.pdf\">20220725 Classement GP de VEAUCHE 2022<\/a><\/p>\n","protected":false},"excerpt":{"rendered":"<p>Ce lundi 25 juillet, en semi nocturne, avait lieu le 70\u00e8me Grand Prix FFC, souvenir Andr\u00e9 MICHALET, de la ville de Veauche. Course nationale pour les cat\u00e9gories 2, 3, J et Pass Open. 42 coureurs inscrits, dans la moyenne des courses actuelles, ce qui est plut\u00f4t bien pour une course un lundi soir&#8230; Un tr\u00e8s [&hellip;]<\/p>\n","protected":false},"author":9,"featured_media":2761,"comment_status":"closed","ping_status":"open","sticky":false,"template":"","format":"standard","meta":{"footnotes":""},"categories":[1,27,19],"tags":[],"class_list":{"0":"post-2758","1":"post","2":"type-post","3":"status-publish","4":"format-standard","5":"has-post-thumbnail","7":"category-actualites","8":"category-nos-organisations","9":"category-resultat-22","10":"czr-hentry"},"_links":{"self":[{"href":"http:\/\/www.ucf42.com\/blog\/index.php\/wp-json\/wp\/v2\/posts\/2758","targetHints":{"allow":["GET"]}}],"collection":[{"href":"http:\/\/www.ucf42.com\/blog\/index.php\/wp-json\/wp\/v2\/posts"}],"about":[{"href":"http:\/\/www.ucf42.com\/blog\/index.php\/wp-json\/wp\/v2\/types\/post"}],"author":[{"embeddable":true,"href":"http:\/\/www.ucf42.com\/blog\/index.php\/wp-json\/wp\/v2\/users\/9"}],"replies":[{"embeddable":true,"href":"http:\/\/www.ucf42.com\/blog\/index.php\/wp-json\/wp\/v2\/comments?post=2758"}],"version-history":[{"count":4,"href":"http:\/\/www.ucf42.com\/blog\/index.php\/wp-json\/wp\/v2\/posts\/2758\/revisions"}],"predecessor-version":[{"id":3499,"href":"http:\/\/www.ucf42.com\/blog\/index.php\/wp-json\/wp\/v2\/posts\/2758\/revisions\/3499"}],"wp:featuredmedia":[{"embeddable":true,"href":"http:\/\/www.ucf42.com\/blog\/index.php\/wp-json\/wp\/v2\/media\/2761"}],"wp:attachment":[{"href":"http:\/\/www.ucf42.com\/blog\/index.php\/wp-json\/wp\/v2\/media?parent=2758"}],"wp:term":[{"taxonomy":"category","embeddable":true,"href":"http:\/\/www.ucf42.com\/blog\/index.php\/wp-json\/wp\/v2\/categories?post=2758"},{"taxonomy":"post_tag","embeddable":true,"href":"http:\/\/www.ucf42.com\/blog\/index.php\/wp-json\/wp\/v2\/tags?post=2758"}],"curies":[{"name":"wp","href":"https:\/\/api.w.org\/{rel}","templated":true}]}}