{"id":2315,"date":"2020-08-30T23:49:25","date_gmt":"2020-08-30T21:49:25","guid":{"rendered":"http:\/\/www.ucf42.com\/blog\/?p=2315"},"modified":"2024-07-03T14:48:43","modified_gmt":"2024-07-03T12:48:43","slug":"cest-reparti-pour-les-victoires-et-podiums-ucf42","status":"publish","type":"post","link":"http:\/\/www.ucf42.com\/blog\/index.php\/2020\/08\/30\/cest-reparti-pour-les-victoires-et-podiums-ucf42\/","title":{"rendered":"C&#8217;est reparti pour les victoires et podiums UCF42 !"},"content":{"rendered":"<div id=\"attachment_2317\" style=\"width: 482px\" class=\"wp-caption aligncenter\"><img loading=\"lazy\" decoding=\"async\" aria-describedby=\"caption-attachment-2317\" class=\"wp-image-2317 size-full\" src=\"http:\/\/www.ucf42.com\/blog\/wp-content\/uploads\/2020\/08\/Podium-victoire-Michel-VEYRE-La-Grand-Croix-FSGT_300820-1-e1598823227789.jpg\" alt=\"\" width=\"472\" height=\"320\" srcset=\"http:\/\/www.ucf42.com\/blog\/wp-content\/uploads\/2020\/08\/Podium-victoire-Michel-VEYRE-La-Grand-Croix-FSGT_300820-1-e1598823227789.jpg 472w, http:\/\/www.ucf42.com\/blog\/wp-content\/uploads\/2020\/08\/Podium-victoire-Michel-VEYRE-La-Grand-Croix-FSGT_300820-1-e1598823227789-300x203.jpg 300w\" sizes=\"auto, (max-width: 472px) 100vw, 472px\" \/><p id=\"caption-attachment-2317\" class=\"wp-caption-text\">Michel VEYRE vainqueur \u00e0 la Grand Croix le 30 ao\u00fbt<\/p><\/div>\n<div id=\"attachment_2318\" style=\"width: 969px\" class=\"wp-caption aligncenter\"><img loading=\"lazy\" decoding=\"async\" aria-describedby=\"caption-attachment-2318\" class=\"wp-image-2318 size-full\" src=\"http:\/\/www.ucf42.com\/blog\/wp-content\/uploads\/2020\/08\/Podium-3\u00e8me-place-Jean-Michel-SIBILLE-Chatenay-dans-lAin-FSGT_290820.jpg\" alt=\"\" width=\"959\" height=\"719\" srcset=\"http:\/\/www.ucf42.com\/blog\/wp-content\/uploads\/2020\/08\/Podium-3\u00e8me-place-Jean-Michel-SIBILLE-Chatenay-dans-lAin-FSGT_290820.jpg 959w, http:\/\/www.ucf42.com\/blog\/wp-content\/uploads\/2020\/08\/Podium-3\u00e8me-place-Jean-Michel-SIBILLE-Chatenay-dans-lAin-FSGT_290820-300x225.jpg 300w, http:\/\/www.ucf42.com\/blog\/wp-content\/uploads\/2020\/08\/Podium-3\u00e8me-place-Jean-Michel-SIBILLE-Chatenay-dans-lAin-FSGT_290820-768x576.jpg 768w\" sizes=\"auto, (max-width: 959px) 100vw, 959px\" \/><p id=\"caption-attachment-2318\" class=\"wp-caption-text\">Jean Michel SIBILLE 3\u00e8me \u00e0 Chatenay dans l&#8217;Ain le 29 ao\u00fbt<\/p><\/div>\n<p>La saison a repris depuis quelques jours \u00e0 peine et nos coureurs UCF42 sont d\u00e9j\u00e0 repartis de plus belle&#8230;<\/p>\n<p>Jean Michel SIBILLE, notre leader, d\u00e9j\u00e0 6\u00e8me dans l&#8217;Ain le 2 ao\u00fbt dernier puis 13\u00e8me \u00e0 notre crit\u00e9rium FFC de Montrond le 22 ao\u00fbt a transform\u00e9 avec un premier podium d&#8217;apr\u00e8s reprise en FSGT avec une jolie 3\u00e8me place dans la cat\u00e9gorie reine samedi 29 ao\u00fbt \u00e0 Chatenay dans l&#8217;Ain.<\/p>\n<p>Pascal DESGOUTTE signe une jolie 12\u00e8me place \u00e0 notre crit\u00e9rium FFC de Montrond.<\/p>\n<p>Et Michel VEYRE, notre sympathique et vaillant coureur UCF42, remporte la course FSGT de la Grand Croix, en cat\u00e9gorie 5 ce dimanche 30 ao\u00fbt.<\/p>\n<p>Bravo \u00e0 nos coursiers qui sont d\u00e9j\u00e0 repartis sur de tr\u00e8s bonnes bases et devraient terminer les quelques courses qui restent cette saison assur\u00e9ment sur de jolies performances, notamment, nous l&#8217;esp\u00e9rons sur le championnat de la Loire FSGT de contre la montre par \u00e9quipes organis\u00e9 \u00e0 St Cyr les Vignes par&#8230; l&#8217;UCF42.<\/p>\n<p>Nous sommes maintenant \u00e0 11 victoires (et plusieurs podiums) sur cette saison d&#8217;hiver et de route&#8230; ce qui est d\u00e9j\u00e0 \u00e9norme \u00e9tant donn\u00e9 le peu de courses organis\u00e9es cette ann\u00e9e&#8230;<\/p>\n<p>Prochaines \u00e9tapes : organisation du championnat de la Loire de contre la montre FSGT \u00e0 St Cyr les Vignes le dimanche 20 septembre puis de notre &#8220;Week-End Terre&#8221; dans le pr\u00e9 du ch\u00e2teau de Montrond le WE des 17 et 18 octobre.<\/p>\n<p>Endurance VTT le samedi 17, cyclo-cross le dimanche 18 avec un challenge sur les 2 jours&#8230;<\/p>\n<p>On va y arriver !<\/p>\n","protected":false},"excerpt":{"rendered":"<p>La saison a repris depuis quelques jours \u00e0 peine et nos coureurs UCF42 sont d\u00e9j\u00e0 repartis de plus belle&#8230; Jean Michel SIBILLE, notre leader, d\u00e9j\u00e0 6\u00e8me dans l&#8217;Ain le 2 ao\u00fbt dernier puis 13\u00e8me \u00e0 notre crit\u00e9rium FFC de Montrond le 22 ao\u00fbt a transform\u00e9 avec un premier podium d&#8217;apr\u00e8s reprise en FSGT avec une [&hellip;]<\/p>\n","protected":false},"author":9,"featured_media":2317,"comment_status":"open","ping_status":"open","sticky":false,"template":"","format":"standard","meta":{"footnotes":""},"categories":[1,14,17],"tags":[],"class_list":{"0":"post-2315","1":"post","2":"type-post","3":"status-publish","4":"format-standard","5":"has-post-thumbnail","7":"category-actualites","8":"category-photos","9":"category-resultats-2020","10":"czr-hentry"},"_links":{"self":[{"href":"http:\/\/www.ucf42.com\/blog\/index.php\/wp-json\/wp\/v2\/posts\/2315","targetHints":{"allow":["GET"]}}],"collection":[{"href":"http:\/\/www.ucf42.com\/blog\/index.php\/wp-json\/wp\/v2\/posts"}],"about":[{"href":"http:\/\/www.ucf42.com\/blog\/index.php\/wp-json\/wp\/v2\/types\/post"}],"author":[{"embeddable":true,"href":"http:\/\/www.ucf42.com\/blog\/index.php\/wp-json\/wp\/v2\/users\/9"}],"replies":[{"embeddable":true,"href":"http:\/\/www.ucf42.com\/blog\/index.php\/wp-json\/wp\/v2\/comments?post=2315"}],"version-history":[{"count":3,"href":"http:\/\/www.ucf42.com\/blog\/index.php\/wp-json\/wp\/v2\/posts\/2315\/revisions"}],"predecessor-version":[{"id":3451,"href":"http:\/\/www.ucf42.com\/blog\/index.php\/wp-json\/wp\/v2\/posts\/2315\/revisions\/3451"}],"wp:featuredmedia":[{"embeddable":true,"href":"http:\/\/www.ucf42.com\/blog\/index.php\/wp-json\/wp\/v2\/media\/2317"}],"wp:attachment":[{"href":"http:\/\/www.ucf42.com\/blog\/index.php\/wp-json\/wp\/v2\/media?parent=2315"}],"wp:term":[{"taxonomy":"category","embeddable":true,"href":"http:\/\/www.ucf42.com\/blog\/index.php\/wp-json\/wp\/v2\/categories?post=2315"},{"taxonomy":"post_tag","embeddable":true,"href":"http:\/\/www.ucf42.com\/blog\/index.php\/wp-json\/wp\/v2\/tags?post=2315"}],"curies":[{"name":"wp","href":"https:\/\/api.w.org\/{rel}","templated":true}]}}