{"id":2298,"date":"2020-08-23T20:11:41","date_gmt":"2020-08-23T18:11:41","guid":{"rendered":"http:\/\/www.ucf42.com\/blog\/?p=2298"},"modified":"2024-07-03T22:45:16","modified_gmt":"2024-07-03T20:45:16","slug":"tres-joli-succes-pour-le-criterium-ucf42-ffc-de-la-ville-de-montrond-les-bains","status":"publish","type":"post","link":"http:\/\/www.ucf42.com\/blog\/index.php\/2020\/08\/23\/tres-joli-succes-pour-le-criterium-ucf42-ffc-de-la-ville-de-montrond-les-bains\/","title":{"rendered":"Tr\u00e8s joli succ\u00e8s pour le crit\u00e9rium UCF42 FFC de la ville de Montrond les Bains"},"content":{"rendered":"<p><\/p>\n<div id=\"attachment_2299\" style=\"width: 698px\" class=\"wp-caption aligncenter\"><img loading=\"lazy\" decoding=\"async\" aria-describedby=\"caption-attachment-2299\" class=\"wp-image-2299 size-full\" src=\"http:\/\/www.ucf42.com\/blog\/wp-content\/uploads\/2020\/08\/Podium-complet-crit\u00e9rium-FFC-de-Montrond_220820-e1598206252379.jpg\" alt=\"\" width=\"688\" height=\"445\" srcset=\"http:\/\/www.ucf42.com\/blog\/wp-content\/uploads\/2020\/08\/Podium-complet-crit\u00e9rium-FFC-de-Montrond_220820-e1598206252379.jpg 688w, http:\/\/www.ucf42.com\/blog\/wp-content\/uploads\/2020\/08\/Podium-complet-crit\u00e9rium-FFC-de-Montrond_220820-e1598206252379-300x194.jpg 300w\" sizes=\"auto, (max-width: 688px) 100vw, 688px\" \/><p id=\"caption-attachment-2299\" class=\"wp-caption-text\">Le podium complet du crit\u00e9rium FFC UCF42 de la ville de Montrond du 22 ao\u00fbt 2020<\/p><\/div>\n<p>Samedi 22 ao\u00fbt Apm et en semi-nocturne avait lieu le crit\u00e9rium UCF42 FFC annuel de la commune de Montrond les Bains.<\/p>\n<p>On peut dire que cette \u00e9preuve est un joli succ\u00e8s, pour la reprise des courses FFC dans la Loire, malgr\u00e9 le protocole tr\u00e8s stricte que nous avons mis en \u0153uvre et respect\u00e9 pour la crise COVID.<\/p>\n<p>Pas moins d\u2019une centaine de coureurs en tout sur les 2 courses dont une quinzaine de f\u00e9minines\u2026 ce qui est vraiment super, d\u2019autant qu\u2019il y avait le championnat de France le m\u00eame jour&#8230;<\/p>\n<p>Malheureusement une chute, dans la ligne droite, \u00e0 3 tours de l\u2019arriv\u00e9e, sur le crit\u00e9rium masculin avec finalement, comme nous le pressentions, une fracture de la clavicule gauche pour notre ancien jeune coureur UCF42, maintenant au VC Montbrison, Erwin FAURE \u00e0 qui nous souhaitons un prompt r\u00e9tablissement.<\/p>\n<p>Chez les dames, c&#8217;est Victoire (pr\u00e9nom pr\u00e9 destin\u00e9&#8230;) JONCHERAY de Lyon Sprint Evolution, qui s&#8217;impose en solitaire.<\/p>\n<p>Dans la course des &#8220;Pass Cyclistes&#8221;, apr\u00e8s une course tr\u00e8s anim\u00e9e, notamment une \u00e9chapp\u00e9e, sur presque la moiti\u00e9 de la course, de notre coureur UCF42 Jean Michel SIBILLE, c&#8217;est finalement Julien LIPONNE (Union Cycliste P\u00e9lussin), ancien coureur \u00e9lite, qui s&#8217;impose, \u00e9galement en solitaire.<\/p>\n<p>Pascal DESGOUTTE termine 12\u00e8me et premier coureur UCF42 devant Jean Michel SIBILLE 13\u00e8me et Michel VEYRE.<\/p>\n<p>Enfin dans le crit\u00e9rium masculin, apr\u00e8s une magnifique course (plus de 45 km\/h de moyenne), c&#8217;est Pierre Baptiste DUVERGER, du grand club CR4C Roanne qui s&#8217;impose au sprint.<\/p>\n<p>Nous avons eu de nombreux retours positifs de la part des spectateurs et surtout des coureurs concernant l\u2019organisation, notamment la partie s\u00e9curit\u00e9\u2026 et \u00e7a c\u2019est le plus beau des remerciements\u2026 qui bien entendu revient directement aux b\u00e9n\u00e9voles, notamment les signaleurs\u2026<\/p>\n<p>Un grand merci \u00e0 tous les b\u00e9n\u00e9voles !<\/p>\n<p>Prochains RdV d\u2019organisation UCF42&nbsp;:<\/p>\n<ul>\n<li>Le dimanche 20 septembre pour le championnat de la Loire FSGT de contre la montre par \u00e9quipes dont le d\u00e9part et l\u2019arriv\u00e9e seront situ\u00e9s sur la route entre St Andr\u00e9 le Puy et St Cyr les Vignes (lieu-dit \u00ab&nbsp;les Rompets&nbsp;\u00bb).<\/li>\n<li>Le WE des 17 et 18 octobre pour le \u00ab&nbsp;Week-End Terre&nbsp;\u00bb de Montrond&nbsp;:\n<ul>\n<li>Samedi 17&nbsp;: Endurance VTT dans le pr\u00e9 du ch\u00e2teau<\/li>\n<li>Dimanche 18&nbsp;: Cyclo-cross dans le pr\u00e9 du ch\u00e2teau<\/li>\n<li>Avec un challenge sur les 2 jours.<\/li>\n<\/ul>\n<\/li>\n<\/ul>\n<p>On va y arriver !<\/p>\n<p><a href=\"http:\/\/www.ucf42.com\/blog\/wp-content\/uploads\/2020\/08\/Classement-Dames-Montrond-les-Bains-2020-1.pdf\">Classement Dames Montrond les Bains 2020<\/a><\/p>\n<p><a href=\"http:\/\/www.ucf42.com\/blog\/wp-content\/uploads\/2020\/08\/Classement-23J-Montrond-les-Bains-2020-1.pdf\">Classement 23J Montrond les Bains 2020<\/a><\/p>\n<p><a href=\"http:\/\/www.ucf42.com\/blog\/wp-content\/uploads\/2020\/08\/Classement-PASS-Montrond-les-Bains-2020-1.pdf\">Classement PASS Montrond les Bains 2020<\/a><\/p>\n<p><\/p>\n<p><a href=\"http:\/\/www.ucf42.com\/blog\/wp-content\/uploads\/2020\/08\/Classement-Dames-Montrond-les-Bains-2020-1.pdf\"><img loading=\"lazy\" decoding=\"async\" class=\"aligncenter wp-image-2300 size-full\" src=\"http:\/\/www.ucf42.com\/blog\/wp-content\/uploads\/2020\/08\/Classement-Dames-Montrond-les-Bains-2020.jpg\" alt=\"\" width=\"893\" height=\"623\" srcset=\"http:\/\/www.ucf42.com\/blog\/wp-content\/uploads\/2020\/08\/Classement-Dames-Montrond-les-Bains-2020.jpg 893w, http:\/\/www.ucf42.com\/blog\/wp-content\/uploads\/2020\/08\/Classement-Dames-Montrond-les-Bains-2020-300x209.jpg 300w, http:\/\/www.ucf42.com\/blog\/wp-content\/uploads\/2020\/08\/Classement-Dames-Montrond-les-Bains-2020-768x536.jpg 768w\" sizes=\"auto, (max-width: 893px) 100vw, 893px\" \/><\/a><\/p>\n<p><a href=\"http:\/\/www.ucf42.com\/blog\/wp-content\/uploads\/2020\/08\/Classement-23J-Montrond-les-Bains-2020-1.pdf\"><img loading=\"lazy\" decoding=\"async\" class=\"aligncenter wp-image-2301 size-full\" src=\"http:\/\/www.ucf42.com\/blog\/wp-content\/uploads\/2020\/08\/Classement-PASS-Montrond-les-Bains-2020.jpg\" alt=\"\" width=\"893\" height=\"755\" srcset=\"http:\/\/www.ucf42.com\/blog\/wp-content\/uploads\/2020\/08\/Classement-PASS-Montrond-les-Bains-2020.jpg 893w, http:\/\/www.ucf42.com\/blog\/wp-content\/uploads\/2020\/08\/Classement-PASS-Montrond-les-Bains-2020-300x254.jpg 300w, http:\/\/www.ucf42.com\/blog\/wp-content\/uploads\/2020\/08\/Classement-PASS-Montrond-les-Bains-2020-768x649.jpg 768w\" sizes=\"auto, (max-width: 893px) 100vw, 893px\" \/><\/a><\/p>\n<p><\/p>\n<p><a href=\"http:\/\/www.ucf42.com\/blog\/wp-content\/uploads\/2020\/08\/Classement-PASS-Montrond-les-Bains-2020-1.pdf\"><img loading=\"lazy\" decoding=\"async\" class=\"aligncenter wp-image-2302 size-full\" src=\"http:\/\/www.ucf42.com\/blog\/wp-content\/uploads\/2020\/08\/Classement-23J-Montrond-les-Bains-2020.jpg\" alt=\"\" width=\"893\" height=\"1288\" srcset=\"http:\/\/www.ucf42.com\/blog\/wp-content\/uploads\/2020\/08\/Classement-23J-Montrond-les-Bains-2020.jpg 893w, http:\/\/www.ucf42.com\/blog\/wp-content\/uploads\/2020\/08\/Classement-23J-Montrond-les-Bains-2020-208x300.jpg 208w, http:\/\/www.ucf42.com\/blog\/wp-content\/uploads\/2020\/08\/Classement-23J-Montrond-les-Bains-2020-710x1024.jpg 710w, http:\/\/www.ucf42.com\/blog\/wp-content\/uploads\/2020\/08\/Classement-23J-Montrond-les-Bains-2020-768x1108.jpg 768w\" sizes=\"auto, (max-width: 893px) 100vw, 893px\" \/><\/a><\/p>\n\n\n<p><\/p>\n","protected":false},"excerpt":{"rendered":"<p>Samedi 22 ao\u00fbt Apm et en semi-nocturne avait lieu le crit\u00e9rium UCF42 FFC annuel de la commune de Montrond les Bains. On peut dire que cette \u00e9preuve est un joli succ\u00e8s, pour la reprise des courses FFC dans la Loire, malgr\u00e9 le protocole tr\u00e8s stricte que nous avons mis en \u0153uvre et respect\u00e9 pour la [&hellip;]<\/p>\n","protected":false},"author":9,"featured_media":2299,"comment_status":"open","ping_status":"open","sticky":false,"template":"","format":"standard","meta":{"footnotes":""},"categories":[1,27,17],"tags":[],"class_list":{"0":"post-2298","1":"post","2":"type-post","3":"status-publish","4":"format-standard","5":"has-post-thumbnail","7":"category-actualites","8":"category-nos-organisations","9":"category-resultats-2020","10":"czr-hentry"},"_links":{"self":[{"href":"http:\/\/www.ucf42.com\/blog\/index.php\/wp-json\/wp\/v2\/posts\/2298","targetHints":{"allow":["GET"]}}],"collection":[{"href":"http:\/\/www.ucf42.com\/blog\/index.php\/wp-json\/wp\/v2\/posts"}],"about":[{"href":"http:\/\/www.ucf42.com\/blog\/index.php\/wp-json\/wp\/v2\/types\/post"}],"author":[{"embeddable":true,"href":"http:\/\/www.ucf42.com\/blog\/index.php\/wp-json\/wp\/v2\/users\/9"}],"replies":[{"embeddable":true,"href":"http:\/\/www.ucf42.com\/blog\/index.php\/wp-json\/wp\/v2\/comments?post=2298"}],"version-history":[{"count":5,"href":"http:\/\/www.ucf42.com\/blog\/index.php\/wp-json\/wp\/v2\/posts\/2298\/revisions"}],"predecessor-version":[{"id":3652,"href":"http:\/\/www.ucf42.com\/blog\/index.php\/wp-json\/wp\/v2\/posts\/2298\/revisions\/3652"}],"wp:featuredmedia":[{"embeddable":true,"href":"http:\/\/www.ucf42.com\/blog\/index.php\/wp-json\/wp\/v2\/media\/2299"}],"wp:attachment":[{"href":"http:\/\/www.ucf42.com\/blog\/index.php\/wp-json\/wp\/v2\/media?parent=2298"}],"wp:term":[{"taxonomy":"category","embeddable":true,"href":"http:\/\/www.ucf42.com\/blog\/index.php\/wp-json\/wp\/v2\/categories?post=2298"},{"taxonomy":"post_tag","embeddable":true,"href":"http:\/\/www.ucf42.com\/blog\/index.php\/wp-json\/wp\/v2\/tags?post=2298"}],"curies":[{"name":"wp","href":"https:\/\/api.w.org\/{rel}","templated":true}]}}