{"id":2277,"date":"2020-05-10T20:19:43","date_gmt":"2020-05-10T18:19:43","guid":{"rendered":"http:\/\/www.ucf42.com\/blog\/?p=2277"},"modified":"2024-07-03T14:43:56","modified_gmt":"2024-07-03T12:43:56","slug":"lactivite-repart-prudemment-a-lucf42-nos-organisations-a-venir","status":"publish","type":"post","link":"http:\/\/www.ucf42.com\/blog\/index.php\/2020\/05\/10\/lactivite-repart-prudemment-a-lucf42-nos-organisations-a-venir\/","title":{"rendered":"L&#8217;activit\u00e9 repart prudemment \u00e0 l&#8217;UCF42&#8230; nos organisations \u00e0 venir"},"content":{"rendered":"<p>Bonjour \u00e0 tous,<\/p>\n<p>Apr\u00e8s un d\u00e9but de saison tonitruant, l\u2019UCF42, comme tous les clubs sportifs, dans tous les domaines, a d\u00fb stopper ses activit\u00e9s, d\u2019organisation d\u2019\u00e9preuves mais \u00e9galement d\u2019entrainement, en groupes et en individuel\u2026<\/p>\n<p>La seule course organis\u00e9e, pour l\u2019instant, sur notre d\u00e9partement a \u00e9t\u00e9 <strong><em>le prix d\u2019ouverture de Montrond les Bains du 1er mars<\/em><\/strong> dernier organis\u00e9\u2026 par l\u2019UCF42<\/p>\n<p>Nous mesurons la chance que nous avons eu de pouvoir mettre cette organisation en place\u2026 organisation nouvelle qui plus est.<\/p>\n<p>Apr\u00e8s les 3 jolies victoires obtenues par l\u2019UCF42 \u00e0 Montrond, dans la cat\u00e9gorie 4 avec <strong><em>Quentin BRICARD<\/em><\/strong> (avec un tripl\u00e9 dans cette cat\u00e9gorie, <strong><em>Fr\u00e9d\u00e9ric RAULT<\/em><\/strong> terminant 2\u00e8me et <strong><em>Emeric GUILLOT<\/em><\/strong> 3\u00e8me, remportant \u00e9galement la cat\u00e9gorie cadet), dans la cat\u00e9gorie 5 avec <strong><em>R\u00e9mi PLOTON<\/em><\/strong>, compl\u00e9t\u00e9 par une 3\u00e8me place de <strong><em>Michel VEYRE<\/em><\/strong> et une 8\u00e8me place de <strong><em>Jean Pierre BRUNEL<\/em><\/strong>, <strong><em>l\u2019UCF42 est \u00e9galement en t\u00eate du challenge des clubs de la Loire<\/em><\/strong> avec ses 21 participants \u00e0 Montrond\u2026 malheureusement sur la seule course de l\u2019ann\u00e9e pour l\u2019instant \u2026<\/p>\n<p>Depuis le 17 mars, comme tous les autres clubs, <strong><em>l\u2019UCF42 est rest\u00e9e confin\u00e9e, de fa\u00e7on tr\u00e8s s\u00e9rieuse et tr\u00e8s citoyenne,<\/em><\/strong> jusqu\u2019\u00e0 ce dimanche 10 mai.<\/p>\n<p>Pour \u00ab&nbsp;garder le lien&nbsp;\u00bb et \u00e9galement pour pr\u00e9parer la reprise du mieux possible, <strong><em>l\u2019UCF42 qui n\u2019est jamais abattue<\/em><\/strong>\u2026 a organis\u00e9, plusieurs fois par semaine, sur le Messenger UCF42, des s\u00e9ances de Home-Trainer collectives qui ont eu un grand succ\u00e8s\u2026<\/p>\n<p>Parall\u00e8lement, les coursiers ont \u00e9galement travaill\u00e9 intens\u00e9ment sur home trainer, sur les diff\u00e9rentes applications propos\u00e9es sur le march\u00e9\u2026<\/p>\n<p>C\u00f4te organisations, nous avons malheureusement d\u00fb, annuler notre WE national de comp\u00e9titions handisports de Veauchette des 18 et 19 avril dernier et, cette semaine, suite au comit\u00e9 de la F\u00e9d\u00e9ration Fran\u00e7aise de Cyclisme, notre Grand Prix FFC de Veauche du 20 juillet prochain\u2026 deux \u00e9preuves datant de plus de 40 ans chacune\u2026 nous esp\u00e9rons pouvoir maintenir notre crit\u00e9rium FFC de Montrond les Bains du 22 ao\u00fbt (courses \u00ab&nbsp;Pass Cycliste&nbsp;\u00bb + f\u00e9minines + crit\u00e9rium masculin)\u2026 tout cela sous r\u00e9serve d\u2019autorisations f\u00e9d\u00e9rale et pr\u00e9fectorale\u2026<\/p>\n<p>Nous aurons ensuite le championnat de la Loire de contre la montre par \u00e9quipes le dimanche 20 septembre puis notre \u00ab&nbsp;Week-End Terre&nbsp;\u00bb avec notre cyclo-cross le samedi 17 octobre et notre \u00ab&nbsp;Endurance VTT&nbsp;\u00bb le dimanche 18 octobre dans le pr\u00e9 du ch\u00e2teau de Montrond, avec un challenge sur les 2 \u00e9preuves.<\/p>\n<p>Nous r\u00e9fl\u00e9chissons \u00e9galement \u00e0 trouver une solution pour organiser une \u00e9preuve handisports\u2026 \u00e0 confirmer<\/p>\n<p>Comme je le dis toujours \u00e0 nos membres, les clubs sportifs se doivent de montrer l\u2019exemple en termes de dynamisme pour aider l\u2019ensemble de la population \u00e0 passer ce cap difficile et \u00e0 pr\u00e9parer la reprise des activit\u00e9s sociales, culturelles et sportives&nbsp;J<\/p>\n<p>Nous arrivons donc maintenant au jour tant attendu de la reprise du 11 mai\u2026<\/p>\n<p>Cette reprise se fera progressivement et tr\u00e8s prudemment, <strong><em>l\u2019UCF42 est un club responsable<\/em><\/strong>, nous suivrons \u00e0 la lettre les recommandations gouvernementales et f\u00e9d\u00e9rales&nbsp;:<\/p>\n<ul>\n<li>Entrainement individuel dans un premier temps, cette p\u00e9riode permettra de r\u00e9cup\u00e9rer nos automatismes sur le v\u00e9lo pour ne prendre aucun risque \u00e0 la reprise en groupe<\/li>\n<li><strong><em>L\u2019UCF42 n\u2019organisera pas pour l\u2019instant d\u2019entrainements de groupe<\/em><\/strong> dans les conditions propos\u00e9es par la f\u00e9d\u00e9ration (10 personnes max avec 10 m de distanciation physique entre chaque participant), cela ne semble pas tr\u00e8s r\u00e9aliste\u2026<\/li>\n<li>Entrainements de groupe, seulement quand nous aurons le GO officiel, et en respectant les nouvelles consignes \u00e0 venir, que nous esp\u00e9rons un peu plus souples.<\/li>\n<\/ul>\n<p><strong><em>Nous sommes solidaires de tous les clubs, des comit\u00e9s et de<\/em><\/strong> <strong><em>nos partenaires<\/em><\/strong>, et nos coureurs seront partants sur toutes les organisations \u00e0 venir, de la reprise des comp\u00e9titions, \u00e0 priori pr\u00e9vue le 1er ao\u00fbt (\u00e0 confirmer), \u00e0 la fin de la saison\u2026 nous n\u2019attendons que \u00e7a&nbsp;!<\/p>\n<p>Nous pr\u00e9parons une communication sp\u00e9cifique pour mettre nos diff\u00e9rents partenaires \u00e0 l\u2019honneur\u2026 car, comme je le dis souvent, sans coureurs et sans b\u00e9n\u00e9voles, pas de club\u2026 et sans partenaires\u2026 pas de club non plus\u2026<\/p>\n<p>Entre la saison hivernale et ce d\u00e9but de saison \u00e9court\u00e9e, <strong><em>nous sommes toujours \u00e0 10 victoires<\/em><\/strong>, apr\u00e8s le succ\u00e8s de <strong><em>Fr\u00e9d\u00e9ric RAULT<\/em><\/strong>, sur une course UFOLEP, dans l\u2019Allier, la semaine suivant la course de Montrond\u2026 ce qui est d\u00e9j\u00e0 un tr\u00e8s beau r\u00e9sultat.<\/p>\n<p>On va y arriver !<\/p>\n<div id=\"attachment_2278\" style=\"width: 310px\" class=\"wp-caption aligncenter\"><img loading=\"lazy\" decoding=\"async\" aria-describedby=\"caption-attachment-2278\" class=\"wp-image-2278 size-medium\" src=\"http:\/\/www.ucf42.com\/blog\/wp-content\/uploads\/2020\/05\/Photo-2-remise-des-tenues-devant-la-mairie-300x225.jpg\" alt=\"\" width=\"300\" height=\"225\" srcset=\"http:\/\/www.ucf42.com\/blog\/wp-content\/uploads\/2020\/05\/Photo-2-remise-des-tenues-devant-la-mairie-300x225.jpg 300w, http:\/\/www.ucf42.com\/blog\/wp-content\/uploads\/2020\/05\/Photo-2-remise-des-tenues-devant-la-mairie-1024x768.jpg 1024w, http:\/\/www.ucf42.com\/blog\/wp-content\/uploads\/2020\/05\/Photo-2-remise-des-tenues-devant-la-mairie-768x576.jpg 768w, http:\/\/www.ucf42.com\/blog\/wp-content\/uploads\/2020\/05\/Photo-2-remise-des-tenues-devant-la-mairie-1536x1152.jpg 1536w, http:\/\/www.ucf42.com\/blog\/wp-content\/uploads\/2020\/05\/Photo-2-remise-des-tenues-devant-la-mairie.jpg 1920w\" sizes=\"auto, (max-width: 300px) 100vw, 300px\" \/><p id=\"caption-attachment-2278\" class=\"wp-caption-text\">Remise officielle des tenues UCF42 2020 devant la mairie de Montrond le 29 f\u00e9vrier<\/p><\/div>\n<p>&nbsp;<\/p>\n<div id=\"attachment_2279\" style=\"width: 234px\" class=\"wp-caption aligncenter\"><img loading=\"lazy\" decoding=\"async\" aria-describedby=\"caption-attachment-2279\" class=\"wp-image-2279 \" src=\"http:\/\/www.ucf42.com\/blog\/wp-content\/uploads\/2020\/05\/Photo-1-Messenger-Home-trainer-UCF42-169x300.jpg\" alt=\"\" width=\"224\" height=\"398\" srcset=\"http:\/\/www.ucf42.com\/blog\/wp-content\/uploads\/2020\/05\/Photo-1-Messenger-Home-trainer-UCF42-169x300.jpg 169w, http:\/\/www.ucf42.com\/blog\/wp-content\/uploads\/2020\/05\/Photo-1-Messenger-Home-trainer-UCF42.jpg 540w\" sizes=\"auto, (max-width: 224px) 100vw, 224px\" \/><p id=\"caption-attachment-2279\" class=\"wp-caption-text\">S\u00e9ance commune de Home-Trainer sur le Messenger UCF42<\/p><\/div>\n","protected":false},"excerpt":{"rendered":"<p>Bonjour \u00e0 tous, Apr\u00e8s un d\u00e9but de saison tonitruant, l\u2019UCF42, comme tous les clubs sportifs, dans tous les domaines, a d\u00fb stopper ses activit\u00e9s, d\u2019organisation d\u2019\u00e9preuves mais \u00e9galement d\u2019entrainement, en groupes et en individuel\u2026 La seule course organis\u00e9e, pour l\u2019instant, sur notre d\u00e9partement a \u00e9t\u00e9 le prix d\u2019ouverture de Montrond les Bains du 1er mars [&hellip;]<\/p>\n","protected":false},"author":9,"featured_media":2278,"comment_status":"open","ping_status":"open","sticky":false,"template":"","format":"standard","meta":{"footnotes":""},"categories":[1,9,17],"tags":[],"class_list":{"0":"post-2277","1":"post","2":"type-post","3":"status-publish","4":"format-standard","5":"has-post-thumbnail","7":"category-actualites","8":"category-la-com-du-president","9":"category-resultats-2020","10":"czr-hentry"},"_links":{"self":[{"href":"http:\/\/www.ucf42.com\/blog\/index.php\/wp-json\/wp\/v2\/posts\/2277","targetHints":{"allow":["GET"]}}],"collection":[{"href":"http:\/\/www.ucf42.com\/blog\/index.php\/wp-json\/wp\/v2\/posts"}],"about":[{"href":"http:\/\/www.ucf42.com\/blog\/index.php\/wp-json\/wp\/v2\/types\/post"}],"author":[{"embeddable":true,"href":"http:\/\/www.ucf42.com\/blog\/index.php\/wp-json\/wp\/v2\/users\/9"}],"replies":[{"embeddable":true,"href":"http:\/\/www.ucf42.com\/blog\/index.php\/wp-json\/wp\/v2\/comments?post=2277"}],"version-history":[{"count":2,"href":"http:\/\/www.ucf42.com\/blog\/index.php\/wp-json\/wp\/v2\/posts\/2277\/revisions"}],"predecessor-version":[{"id":3447,"href":"http:\/\/www.ucf42.com\/blog\/index.php\/wp-json\/wp\/v2\/posts\/2277\/revisions\/3447"}],"wp:featuredmedia":[{"embeddable":true,"href":"http:\/\/www.ucf42.com\/blog\/index.php\/wp-json\/wp\/v2\/media\/2278"}],"wp:attachment":[{"href":"http:\/\/www.ucf42.com\/blog\/index.php\/wp-json\/wp\/v2\/media?parent=2277"}],"wp:term":[{"taxonomy":"category","embeddable":true,"href":"http:\/\/www.ucf42.com\/blog\/index.php\/wp-json\/wp\/v2\/categories?post=2277"},{"taxonomy":"post_tag","embeddable":true,"href":"http:\/\/www.ucf42.com\/blog\/index.php\/wp-json\/wp\/v2\/tags?post=2277"}],"curies":[{"name":"wp","href":"https:\/\/api.w.org\/{rel}","templated":true}]}}