{"id":1786,"date":"2018-10-22T00:19:10","date_gmt":"2018-10-21T22:19:10","guid":{"rendered":"http:\/\/www.ucf42.com\/blog\/?p=1786"},"modified":"2024-07-03T22:56:50","modified_gmt":"2024-07-03T20:56:50","slug":"magnifique-succes-pour-le-cyclo-cross-ucf42-de-montrond-les-bains","status":"publish","type":"post","link":"http:\/\/www.ucf42.com\/blog\/index.php\/2018\/10\/22\/magnifique-succes-pour-le-cyclo-cross-ucf42-de-montrond-les-bains\/","title":{"rendered":"Magnifique succ\u00e8s pour le cyclo-cross UCF42 de Montrond les Bains"},"content":{"rendered":"<p>&nbsp;<\/p>\n<p>&nbsp;<\/p>\n<div id=\"attachment_1787\" style=\"width: 430px\" class=\"wp-caption aligncenter\"><img loading=\"lazy\" decoding=\"async\" aria-describedby=\"caption-attachment-1787\" class=\"wp-image-1787 \" src=\"http:\/\/www.ucf42.com\/blog\/wp-content\/uploads\/2018\/10\/Capture-Wheeling-Noam-LOUI-Cyclo-cross-de-Montrond_201018.jpg\" alt=\"\" width=\"420\" height=\"329\"><p id=\"caption-attachment-1787\" class=\"wp-caption-text\">Un Wheeling \u00e0 la Peter SAGAN pour Noam LOUIN (UCF42)&nbsp;pour f\u00eater sa 3\u00e8me place au cyclo-cross de Montrond<\/p><\/div>\n<p>Ce samedi 20 octobre, l&#8217;UCF42 organisait sa derni\u00e8re \u00e9preuve de la saison avec le cyclo-cross de Montrond les Bains.<\/p>\n<p>Une innovation cette ann\u00e9e avec l&#8217;organisation compl\u00e9mentaire d&#8217;une course pour les enfants (benjamins et minimes) : un succ\u00e8s pour cette premi\u00e8re avec la participation de 10 gar\u00e7ons et 1 jeune fille&#8230;. tous ont \u00e9t\u00e9 r\u00e9compens\u00e9s par une m\u00e9daille, une casquette et quelques bombons&#8230; journ\u00e9e sympa pour tout le monde !<\/p>\n<p>Ensuite, \u00e0 15H, le cyclo-cross des adultes regroupait pas moins de 56 participants dont 3 f\u00e9minines&#8230; \u00e9norme succ\u00e8s donc pour cette \u00e9preuve dans le cadre magnifique du pr\u00e9 du ch\u00e2teau de Montrond les Bains.<\/p>\n<p>Une jolie bagarre entre les 3 premiers dont notre repr\u00e9sentant UCF42 Noam LOUIN qui r\u00e9ussit le &#8220;Holeshot&#8221; au premier virage, apr\u00e8s la ligne droite de d\u00e9part, Ludovic NICOLAY de la Roue d&#8217;Or du Chambon (ROC) qui n&#8217;est autre que le champion de France FSGT par \u00e9quipe avec le comit\u00e9 de la Loire et le futur vainqueur, Ga\u00ebtan MOREL du V\u00e9lo Club Feurs Balbigny (VCFB) \u00e9galement grand sp\u00e9cialiste du cyclo-cross.<\/p>\n<p>Noam LOUIN reste en t\u00eat pendant les 2 premiers tous, plus \u00e0 l&#8217;aise dans les parties techniques mais d\u00e9savantag\u00e9 avec son VTT dans les longues lignes droites du pr\u00e9 du ch\u00eane&#8230;<\/p>\n<p>Ga\u00ebtan MOREL, le plus jeune des 3 s&#8217;impose de belle mani\u00e8re sans discussion possible.<\/p>\n<p>Laurent MARCON, ancien coureur Elite de tr\u00e8s haut niveau, qui se remet au cyclo-cross pour le plaisir, termine pour sa part \u00e0 une jolie 4\u00e8me place.<\/p>\n<p>Chez les f\u00e9minines, Aur\u00e9lie BONNEFOY l&#8217;emporte chez les seniors devant Morgane JACQUET qui d\u00e9couvre la sp\u00e9cialit\u00e9, elle aussi en VTT, qui remporte la cat\u00e9gorie espoir.<\/p>\n<p>Tr\u00e8s beau succ\u00e8s donc pour cette \u00e9preuve, sous un grand soleil et avec un nombreux public.<\/p>\n<p>Bernard ROLLAND, r\u00e9f\u00e9rent cyclo-cross pour le comit\u00e9 de la Loire et pour le comit\u00e9 Auvergne Rh\u00f4ne Alpes, nous a aid\u00e9 \u00e0 tracer le parcours, notamment pour les jeunes&#8230; il a \u00e9t\u00e9 emball\u00e9 par ce parcours et le cadre magnifique du ch\u00e2teau et souhaite proposer l&#8217;\u00e9preuve pour une grande \u00e9preuve FFC future&#8230; \u00e0 suivre donc&#8230;<\/p>\n<div id=\"attachment_1788\" style=\"width: 175px\" class=\"wp-caption aligncenter\"><img loading=\"lazy\" decoding=\"async\" aria-describedby=\"caption-attachment-1788\" class=\"wp-image-1788 size-medium\" src=\"http:\/\/www.ucf42.com\/blog\/wp-content\/uploads\/2018\/10\/Podium-des-minimes-165x300.jpg\" alt=\"\" width=\"165\" height=\"300\" srcset=\"http:\/\/www.ucf42.com\/blog\/wp-content\/uploads\/2018\/10\/Podium-des-minimes-165x300.jpg 165w, http:\/\/www.ucf42.com\/blog\/wp-content\/uploads\/2018\/10\/Podium-des-minimes.jpg 528w\" sizes=\"auto, (max-width: 165px) 100vw, 165px\" \/><p id=\"caption-attachment-1788\" class=\"wp-caption-text\">Le podium des minimes<\/p><\/div>\n<p>&nbsp;<\/p>\n<p>&nbsp;<\/p>\n<div id=\"attachment_1789\" style=\"width: 370px\" class=\"wp-caption aligncenter\"><img loading=\"lazy\" decoding=\"async\" aria-describedby=\"caption-attachment-1789\" class=\"wp-image-1789 \" src=\"http:\/\/www.ucf42.com\/blog\/wp-content\/uploads\/2018\/10\/Holeshot-Noam-LOUIN-1er-virage-Cyclo-cross-de-Montrond_201018-300x200.jpg\" alt=\"\" width=\"360\" height=\"240\" srcset=\"http:\/\/www.ucf42.com\/blog\/wp-content\/uploads\/2018\/10\/Holeshot-Noam-LOUIN-1er-virage-Cyclo-cross-de-Montrond_201018-300x200.jpg 300w, http:\/\/www.ucf42.com\/blog\/wp-content\/uploads\/2018\/10\/Holeshot-Noam-LOUIN-1er-virage-Cyclo-cross-de-Montrond_201018-768x512.jpg 768w, http:\/\/www.ucf42.com\/blog\/wp-content\/uploads\/2018\/10\/Holeshot-Noam-LOUIN-1er-virage-Cyclo-cross-de-Montrond_201018.jpg 792w\" sizes=\"auto, (max-width: 360px) 100vw, 360px\" \/><p id=\"caption-attachment-1789\" class=\"wp-caption-text\">Le &#8220;Holeshot&#8221; pour Noam LOUIN au premier virage&#8230; devant un impressionnant peloton<\/p><\/div>\n<p>&nbsp;<\/p>\n<div id=\"attachment_1790\" style=\"width: 411px\" class=\"wp-caption aligncenter\"><img loading=\"lazy\" decoding=\"async\" aria-describedby=\"caption-attachment-1790\" class=\"wp-image-1790 \" src=\"http:\/\/www.ucf42.com\/blog\/wp-content\/uploads\/2018\/10\/Victoire-de-Ga\u00ebtan-MOREL-Cyclo-cross-de-Montrond_201018-300x200.jpg\" alt=\"\" width=\"401\" height=\"267\" srcset=\"http:\/\/www.ucf42.com\/blog\/wp-content\/uploads\/2018\/10\/Victoire-de-Ga\u00ebtan-MOREL-Cyclo-cross-de-Montrond_201018-300x200.jpg 300w, http:\/\/www.ucf42.com\/blog\/wp-content\/uploads\/2018\/10\/Victoire-de-Ga\u00ebtan-MOREL-Cyclo-cross-de-Montrond_201018-768x512.jpg 768w, http:\/\/www.ucf42.com\/blog\/wp-content\/uploads\/2018\/10\/Victoire-de-Ga\u00ebtan-MOREL-Cyclo-cross-de-Montrond_201018.jpg 792w\" sizes=\"auto, (max-width: 401px) 100vw, 401px\" \/><p id=\"caption-attachment-1790\" class=\"wp-caption-text\">Belle victoire de Ga\u00ebtan MOREL au cyclo-cross de Montrond<\/p><\/div>\n<p>&nbsp;<\/p>\n<div id=\"attachment_1791\" style=\"width: 383px\" class=\"wp-caption aligncenter\"><img loading=\"lazy\" decoding=\"async\" aria-describedby=\"caption-attachment-1791\" class=\"wp-image-1791 \" src=\"http:\/\/www.ucf42.com\/blog\/wp-content\/uploads\/2018\/10\/Podium-cyclo-cross-de-Montrond_201018-300x300.jpg\" alt=\"\" width=\"373\" height=\"373\" srcset=\"http:\/\/www.ucf42.com\/blog\/wp-content\/uploads\/2018\/10\/Podium-cyclo-cross-de-Montrond_201018-300x300.jpg 300w, http:\/\/www.ucf42.com\/blog\/wp-content\/uploads\/2018\/10\/Podium-cyclo-cross-de-Montrond_201018-150x150.jpg 150w, http:\/\/www.ucf42.com\/blog\/wp-content\/uploads\/2018\/10\/Podium-cyclo-cross-de-Montrond_201018-768x768.jpg 768w, http:\/\/www.ucf42.com\/blog\/wp-content\/uploads\/2018\/10\/Podium-cyclo-cross-de-Montrond_201018.jpg 960w\" sizes=\"auto, (max-width: 373px) 100vw, 373px\" \/><p id=\"caption-attachment-1791\" class=\"wp-caption-text\">Le podium complet du cyclo-cross adultes de Montrond<\/p><\/div>\n<p>&nbsp;<\/p>\n<p>&nbsp;<\/p>\n","protected":false},"excerpt":{"rendered":"<p>&nbsp; &nbsp; Ce samedi 20 octobre, l&#8217;UCF42 organisait sa derni\u00e8re \u00e9preuve de la saison avec le cyclo-cross de Montrond les Bains. Une innovation cette ann\u00e9e avec l&#8217;organisation compl\u00e9mentaire d&#8217;une course pour les enfants (benjamins et minimes) : un succ\u00e8s pour cette premi\u00e8re avec la participation de 10 gar\u00e7ons et 1 jeune fille&#8230;. tous ont \u00e9t\u00e9 [&hellip;]<\/p>\n","protected":false},"author":9,"featured_media":1787,"comment_status":"open","ping_status":"open","sticky":false,"template":"","format":"standard","meta":{"footnotes":""},"categories":[1,27,15],"tags":[],"class_list":{"0":"post-1786","1":"post","2":"type-post","3":"status-publish","4":"format-standard","5":"has-post-thumbnail","7":"category-actualites","8":"category-nos-organisations","9":"category-resultats-2018","10":"czr-hentry"},"_links":{"self":[{"href":"http:\/\/www.ucf42.com\/blog\/index.php\/wp-json\/wp\/v2\/posts\/1786","targetHints":{"allow":["GET"]}}],"collection":[{"href":"http:\/\/www.ucf42.com\/blog\/index.php\/wp-json\/wp\/v2\/posts"}],"about":[{"href":"http:\/\/www.ucf42.com\/blog\/index.php\/wp-json\/wp\/v2\/types\/post"}],"author":[{"embeddable":true,"href":"http:\/\/www.ucf42.com\/blog\/index.php\/wp-json\/wp\/v2\/users\/9"}],"replies":[{"embeddable":true,"href":"http:\/\/www.ucf42.com\/blog\/index.php\/wp-json\/wp\/v2\/comments?post=1786"}],"version-history":[{"count":2,"href":"http:\/\/www.ucf42.com\/blog\/index.php\/wp-json\/wp\/v2\/posts\/1786\/revisions"}],"predecessor-version":[{"id":3528,"href":"http:\/\/www.ucf42.com\/blog\/index.php\/wp-json\/wp\/v2\/posts\/1786\/revisions\/3528"}],"wp:featuredmedia":[{"embeddable":true,"href":"http:\/\/www.ucf42.com\/blog\/index.php\/wp-json\/wp\/v2\/media\/1787"}],"wp:attachment":[{"href":"http:\/\/www.ucf42.com\/blog\/index.php\/wp-json\/wp\/v2\/media?parent=1786"}],"wp:term":[{"taxonomy":"category","embeddable":true,"href":"http:\/\/www.ucf42.com\/blog\/index.php\/wp-json\/wp\/v2\/categories?post=1786"},{"taxonomy":"post_tag","embeddable":true,"href":"http:\/\/www.ucf42.com\/blog\/index.php\/wp-json\/wp\/v2\/tags?post=1786"}],"curies":[{"name":"wp","href":"https:\/\/api.w.org\/{rel}","templated":true}]}}