{"id":1573,"date":"2018-05-08T17:37:46","date_gmt":"2018-05-08T15:37:46","guid":{"rendered":"http:\/\/www.ucf42.com\/blog\/?p=1573"},"modified":"2024-07-03T16:35:46","modified_gmt":"2024-07-03T14:35:46","slug":"morgan-poulard-victorieux-et-de-nombreux-podiums-ucf42","status":"publish","type":"post","link":"http:\/\/www.ucf42.com\/blog\/index.php\/2018\/05\/08\/morgan-poulard-victorieux-et-de-nombreux-podiums-ucf42\/","title":{"rendered":"Morgan POULARD victorieux et de nombreux podiums UCF42"},"content":{"rendered":"<div id=\"attachment_1574\" style=\"width: 310px\" class=\"wp-caption aligncenter\"><img loading=\"lazy\" decoding=\"async\" aria-describedby=\"caption-attachment-1574\" class=\"wp-image-1574 size-medium\" src=\"http:\/\/www.ucf42.com\/blog\/wp-content\/uploads\/2018\/05\/Photo-2-Morgan-POULARD-Commelle_060518-300x200.jpg\" alt=\"\" width=\"300\" height=\"200\" srcset=\"http:\/\/www.ucf42.com\/blog\/wp-content\/uploads\/2018\/05\/Photo-2-Morgan-POULARD-Commelle_060518-300x200.jpg 300w, http:\/\/www.ucf42.com\/blog\/wp-content\/uploads\/2018\/05\/Photo-2-Morgan-POULARD-Commelle_060518-768x512.jpg 768w, http:\/\/www.ucf42.com\/blog\/wp-content\/uploads\/2018\/05\/Photo-2-Morgan-POULARD-Commelle_060518-1024x682.jpg 1024w, http:\/\/www.ucf42.com\/blog\/wp-content\/uploads\/2018\/05\/Photo-2-Morgan-POULARD-Commelle_060518.jpg 1801w\" sizes=\"auto, (max-width: 300px) 100vw, 300px\" \/><p id=\"caption-attachment-1574\" class=\"wp-caption-text\">Morgan POULARD vainqueur \u00e0 Commelle avec le maillot de champion r\u00e9gional sur les \u00e9paules<\/p><\/div>\n<p>Le week end des 5 et 6 mai \u00e9tait un WE de courses dans notre d\u00e9partement, le samedi \u00e0 La Gimmond, dans les monts du Lyonnais o\u00f9 Gino SILVESTRIN, apr\u00e8s sa victoire la semaine pr\u00e9c\u00e9dente \u00e0 Longessaigne se classe 3\u00e8me en cat\u00e9gorie 5, Norri OUESLATI se classant 2\u00e8me en cat\u00e9gorie 4 et Emilien BONTEMPS 5\u00e8me en cat\u00e9gorie 2.<\/p>\n<p>Le lendemain \u00e0 Commelle, Norri OUESLATI prend la 3\u00e8me place en cat\u00e9gorie 4, Eric MARCHAND la 5\u00e8me, Gino SILVESTRIN se classant \u00e0 nouveau 3\u00e8me, en deux jours, sur cette m\u00eame course.<\/p>\n<p>Toujours \u00e0 Commelle, Morgan POULARD qui revient tr\u00e8s fort apr\u00e8s avoir \u00e9t\u00e9 bless\u00e9 quelques semaines (sciatique), remporte une magnifique victoire, avec le maillot de champion r\u00e9gional Rh\u00f4ne Alpes sur les \u00e9paules, devant les meilleurs coureurs du moment (2 membres du grand club CR4C de Roanne), de tr\u00e8s bonne augure avant le tour du Roannais dans quelques semaines.<\/p>\n<p>Cot\u00e9 Handisport, notre tandem leader Pierre FULCHIRON et Laurent HUYGHE est \u00e0 nouveau all\u00e9 faire un tr\u00e8s joli podium final au tour de l&#8217;Ain les 5 et 6 mai : 2\u00e8me de la course en ligne du samedi, 2\u00e8me du&nbsp;contre la montre le dimanche matin et \u00e0 nouveau 2\u00e8me de la course en ligne du dimanche Apm, toujours derri\u00e8re les Toulousains&#8230; plus jeunes&#8230; Pierre et Laurent sont 2\u00e8mes de la Coupe de France au scratch et sont par ailleurs assur\u00e9s maintenant de remporter la coupe de France en cat\u00e9gorie v\u00e9t\u00e9rans.<\/p>\n<p>Apr\u00e8s la nouvelle victoire de Morgane JACQUET en f\u00e9minine la semaine derni\u00e8re \u00e0 Villerest, nous sommes maintenant \u00e0 16&nbsp;victoires sur cette saison 2018.<\/p>\n<div id=\"attachment_1576\" style=\"width: 355px\" class=\"wp-caption aligncenter\"><img loading=\"lazy\" decoding=\"async\" aria-describedby=\"caption-attachment-1576\" class=\"wp-image-1576\" src=\"http:\/\/www.ucf42.com\/blog\/wp-content\/uploads\/2018\/05\/Podium-Emilien-BONTEMPS-La-Gimond-5-mai-2018-300x165.jpg\" alt=\"\" width=\"345\" height=\"190\" srcset=\"http:\/\/www.ucf42.com\/blog\/wp-content\/uploads\/2018\/05\/Podium-Emilien-BONTEMPS-La-Gimond-5-mai-2018-300x165.jpg 300w, http:\/\/www.ucf42.com\/blog\/wp-content\/uploads\/2018\/05\/Podium-Emilien-BONTEMPS-La-Gimond-5-mai-2018.jpg 494w\" sizes=\"auto, (max-width: 345px) 100vw, 345px\" \/><p id=\"caption-attachment-1576\" class=\"wp-caption-text\">Emilien BONTEMPS 5\u00e8me \u00e0 La Gimmond<\/p><\/div>\n<p>&nbsp;<\/p>\n<div id=\"attachment_1577\" style=\"width: 345px\" class=\"wp-caption aligncenter\"><img loading=\"lazy\" decoding=\"async\" aria-describedby=\"caption-attachment-1577\" class=\"wp-image-1577 \" src=\"http:\/\/www.ucf42.com\/blog\/wp-content\/uploads\/2018\/05\/Podium-victoire-Morgan-POULARD-Commelle_060518-300x225.jpg\" alt=\"\" width=\"335\" height=\"251\" srcset=\"http:\/\/www.ucf42.com\/blog\/wp-content\/uploads\/2018\/05\/Podium-victoire-Morgan-POULARD-Commelle_060518-300x225.jpg 300w, http:\/\/www.ucf42.com\/blog\/wp-content\/uploads\/2018\/05\/Podium-victoire-Morgan-POULARD-Commelle_060518-768x576.jpg 768w, http:\/\/www.ucf42.com\/blog\/wp-content\/uploads\/2018\/05\/Podium-victoire-Morgan-POULARD-Commelle_060518-1024x768.jpg 1024w\" sizes=\"auto, (max-width: 335px) 100vw, 335px\" \/><p id=\"caption-attachment-1577\" class=\"wp-caption-text\">Morgan POULARD vainqueur \u00e0 Commelle le 6 mai<\/p><\/div>\n<p>&nbsp;<\/p>\n<div id=\"attachment_1578\" style=\"width: 292px\" class=\"wp-caption aligncenter\"><img loading=\"lazy\" decoding=\"async\" aria-describedby=\"caption-attachment-1578\" class=\"wp-image-1578 \" src=\"http:\/\/www.ucf42.com\/blog\/wp-content\/uploads\/2018\/05\/Podium-3\u00e8me-place-Gino-Commelle_060518-224x300.jpg\" alt=\"\" width=\"282\" height=\"378\" srcset=\"http:\/\/www.ucf42.com\/blog\/wp-content\/uploads\/2018\/05\/Podium-3\u00e8me-place-Gino-Commelle_060518-224x300.jpg 224w, http:\/\/www.ucf42.com\/blog\/wp-content\/uploads\/2018\/05\/Podium-3\u00e8me-place-Gino-Commelle_060518-768x1028.jpg 768w, http:\/\/www.ucf42.com\/blog\/wp-content\/uploads\/2018\/05\/Podium-3\u00e8me-place-Gino-Commelle_060518-765x1024.jpg 765w, http:\/\/www.ucf42.com\/blog\/wp-content\/uploads\/2018\/05\/Podium-3\u00e8me-place-Gino-Commelle_060518.jpg 1195w\" sizes=\"auto, (max-width: 282px) 100vw, 282px\" \/><p id=\"caption-attachment-1578\" class=\"wp-caption-text\">Gino SILVESTRIN 3\u00e8me \u00e0 Commelle<\/p><\/div>\n<p>&nbsp;<\/p>\n<div id=\"attachment_1579\" style=\"width: 310px\" class=\"wp-caption aligncenter\"><img loading=\"lazy\" decoding=\"async\" aria-describedby=\"caption-attachment-1579\" class=\"wp-image-1579 size-medium\" src=\"http:\/\/www.ucf42.com\/blog\/wp-content\/uploads\/2018\/05\/Podium-5\u00e8me-place-Eric-MARCHAND-Commelle_060518-300x225.jpg\" alt=\"\" width=\"300\" height=\"225\" srcset=\"http:\/\/www.ucf42.com\/blog\/wp-content\/uploads\/2018\/05\/Podium-5\u00e8me-place-Eric-MARCHAND-Commelle_060518-300x225.jpg 300w, http:\/\/www.ucf42.com\/blog\/wp-content\/uploads\/2018\/05\/Podium-5\u00e8me-place-Eric-MARCHAND-Commelle_060518-768x576.jpg 768w, http:\/\/www.ucf42.com\/blog\/wp-content\/uploads\/2018\/05\/Podium-5\u00e8me-place-Eric-MARCHAND-Commelle_060518.jpg 960w\" sizes=\"auto, (max-width: 300px) 100vw, 300px\" \/><p id=\"caption-attachment-1579\" class=\"wp-caption-text\">Eric MARCHAND 5\u00e8me \u00e0 Commelle le 6 mai<\/p><\/div>\n<p>&nbsp;<\/p>\n<div id=\"attachment_1582\" style=\"width: 349px\" class=\"wp-caption aligncenter\"><img loading=\"lazy\" decoding=\"async\" aria-describedby=\"caption-attachment-1582\" class=\"wp-image-1582 \" src=\"http:\/\/www.ucf42.com\/blog\/wp-content\/uploads\/2018\/05\/Podium-Pierre-et-Laurent-Tour-de-lAin_060518-300x225.jpg\" alt=\"\" width=\"339\" height=\"254\" srcset=\"http:\/\/www.ucf42.com\/blog\/wp-content\/uploads\/2018\/05\/Podium-Pierre-et-Laurent-Tour-de-lAin_060518-300x225.jpg 300w, http:\/\/www.ucf42.com\/blog\/wp-content\/uploads\/2018\/05\/Podium-Pierre-et-Laurent-Tour-de-lAin_060518.jpg 719w\" sizes=\"auto, (max-width: 339px) 100vw, 339px\" \/><p id=\"caption-attachment-1582\" class=\"wp-caption-text\">Pierre FULCHIRON et Laurent HUYGHE 2\u00e8mes du Tour de l&#8217;Ain<\/p><\/div>\n<p>&nbsp;<\/p>\n","protected":false},"excerpt":{"rendered":"<p>Le week end des 5 et 6 mai \u00e9tait un WE de courses dans notre d\u00e9partement, le samedi \u00e0 La Gimmond, dans les monts du Lyonnais o\u00f9 Gino SILVESTRIN, apr\u00e8s sa victoire la semaine pr\u00e9c\u00e9dente \u00e0 Longessaigne se classe 3\u00e8me en cat\u00e9gorie 5, Norri OUESLATI se classant 2\u00e8me en cat\u00e9gorie 4 et Emilien BONTEMPS 5\u00e8me [&hellip;]<\/p>\n","protected":false},"author":9,"featured_media":1574,"comment_status":"open","ping_status":"open","sticky":false,"template":"","format":"standard","meta":{"footnotes":""},"categories":[1,14,15],"tags":[],"class_list":{"0":"post-1573","1":"post","2":"type-post","3":"status-publish","4":"format-standard","5":"has-post-thumbnail","7":"category-actualites","8":"category-photos","9":"category-resultats-2018","10":"czr-hentry"},"_links":{"self":[{"href":"http:\/\/www.ucf42.com\/blog\/index.php\/wp-json\/wp\/v2\/posts\/1573","targetHints":{"allow":["GET"]}}],"collection":[{"href":"http:\/\/www.ucf42.com\/blog\/index.php\/wp-json\/wp\/v2\/posts"}],"about":[{"href":"http:\/\/www.ucf42.com\/blog\/index.php\/wp-json\/wp\/v2\/types\/post"}],"author":[{"embeddable":true,"href":"http:\/\/www.ucf42.com\/blog\/index.php\/wp-json\/wp\/v2\/users\/9"}],"replies":[{"embeddable":true,"href":"http:\/\/www.ucf42.com\/blog\/index.php\/wp-json\/wp\/v2\/comments?post=1573"}],"version-history":[{"count":3,"href":"http:\/\/www.ucf42.com\/blog\/index.php\/wp-json\/wp\/v2\/posts\/1573\/revisions"}],"predecessor-version":[{"id":3566,"href":"http:\/\/www.ucf42.com\/blog\/index.php\/wp-json\/wp\/v2\/posts\/1573\/revisions\/3566"}],"wp:featuredmedia":[{"embeddable":true,"href":"http:\/\/www.ucf42.com\/blog\/index.php\/wp-json\/wp\/v2\/media\/1574"}],"wp:attachment":[{"href":"http:\/\/www.ucf42.com\/blog\/index.php\/wp-json\/wp\/v2\/media?parent=1573"}],"wp:term":[{"taxonomy":"category","embeddable":true,"href":"http:\/\/www.ucf42.com\/blog\/index.php\/wp-json\/wp\/v2\/categories?post=1573"},{"taxonomy":"post_tag","embeddable":true,"href":"http:\/\/www.ucf42.com\/blog\/index.php\/wp-json\/wp\/v2\/tags?post=1573"}],"curies":[{"name":"wp","href":"https:\/\/api.w.org\/{rel}","templated":true}]}}