{"id":1350,"date":"2017-10-22T17:05:48","date_gmt":"2017-10-22T15:05:48","guid":{"rendered":"http:\/\/www.ucf42.com\/blog\/?p=1350"},"modified":"2024-07-03T23:02:47","modified_gmt":"2024-07-03T21:02:47","slug":"magnifique-victoire-de-jean-baptiste-pincon-cyclo-cross-de-montrond","status":"publish","type":"post","link":"http:\/\/www.ucf42.com\/blog\/index.php\/2017\/10\/22\/magnifique-victoire-de-jean-baptiste-pincon-cyclo-cross-de-montrond\/","title":{"rendered":"Magnifique victoire de Jean Baptiste PINCON au cyclo-cross de Montrond"},"content":{"rendered":"<div id=\"attachment_1351\" style=\"width: 478px\" class=\"wp-caption aligncenter\"><img loading=\"lazy\" decoding=\"async\" aria-describedby=\"caption-attachment-1351\" class=\"wp-image-1351 \" src=\"http:\/\/www.ucf42.com\/blog\/wp-content\/uploads\/2017\/10\/Victoire-JB-PINCON-Cyclo-cross-Montrond_211017-300x200.jpg\" alt=\"\" width=\"468\" height=\"312\" srcset=\"http:\/\/www.ucf42.com\/blog\/wp-content\/uploads\/2017\/10\/Victoire-JB-PINCON-Cyclo-cross-Montrond_211017-300x200.jpg 300w, http:\/\/www.ucf42.com\/blog\/wp-content\/uploads\/2017\/10\/Victoire-JB-PINCON-Cyclo-cross-Montrond_211017-768x512.jpg 768w, http:\/\/www.ucf42.com\/blog\/wp-content\/uploads\/2017\/10\/Victoire-JB-PINCON-Cyclo-cross-Montrond_211017.jpg 792w\" sizes=\"auto, (max-width: 468px) 100vw, 468px\" \/><p id=\"caption-attachment-1351\" class=\"wp-caption-text\">Jean Baptiste PINCON, au dessus du lot \u00e0 Montrond<\/p><\/div>\n<p>Ce samedi 21 octobre, l&#8217;UCF42 organisait son traditionnel cyclo-cross dans le pr\u00e9 du ch\u00e2teau de Montrond les Bains.<\/p>\n<p>Sous une m\u00e9t\u00e9o cl\u00e9mente, ce n&#8217;est pas moins de 37 coureurs, dont une f\u00e9minine et des coureurs de haut niveau r\u00e9gional et national qui s&#8217;\u00e9lan\u00e7aient sur le circuit tr\u00e8s technique de 2 km dans le pr\u00e9 et aux pieds du ch\u00e2teau.<\/p>\n<p>Denis CARTIER et Jean Baptiste PINCON repr\u00e9sentaient l&#8217;UCF42.<\/p>\n<p>Ga\u00e9tan MOREL, du VCFB, le jeune espoir Maxime PERRIN de Gol\u00e8ne \u00e9vasion, Martial BARBEZAT du VC Ambert et Ludovic NICOLAY du ROC ont tent\u00e9 de r\u00e9sister \u00e0 notre soci\u00e9taire UCF42 Jean Baptiste PINCON qui \u00e9tait dans un tr\u00e8s grand jour et qui n&#8217;a mis que 2 tours pour creuser l&#8217;\u00e9cart et ne jamais \u00eatre rejoint.<\/p>\n<p>Jean Baptise a \u00e9cras\u00e9 la course de toute sa technique, sa puissance et sa capacit\u00e9 \u00e0 aller jusqu&#8217;au bout de la course sans faiblir. Une belle bagarre derri\u00e8re pour les places d&#8217;honneur, c&#8217;est Ga\u00ebtan MOREL, du VCFB devant Maxime PERRIN, deux grands espoirs du cyclo-cross lig\u00e9rien qui ont compl\u00e9t\u00e9 le podium.<\/p>\n<p>Une victoire de grande classe de Jean Baptiste sur les terres de l&#8217;UCF42, de bonne augure avant les championnats de la Loire dans 2 semaines.<\/p>\n<p>Une tr\u00e8s belle \u00e9preuve malgr\u00e9 une chute d&#8217;Aur\u00e9lie BONNEFOY, l\u00e9g\u00e8rement&nbsp;bless\u00e9e \u00e0 la cheville,&nbsp;a qui nous avons remis sa coupe et son bouquet sur la chaise des secouristes&#8230;<\/p>\n<p><img loading=\"lazy\" decoding=\"async\" class=\" wp-image-1353 aligncenter\" src=\"http:\/\/www.ucf42.com\/blog\/wp-content\/uploads\/2017\/10\/Classement-CycloCross-MONTROND-20171021-211x300.jpg\" alt=\"\" width=\"305\" height=\"434\" srcset=\"http:\/\/www.ucf42.com\/blog\/wp-content\/uploads\/2017\/10\/Classement-CycloCross-MONTROND-20171021-211x300.jpg 211w, http:\/\/www.ucf42.com\/blog\/wp-content\/uploads\/2017\/10\/Classement-CycloCross-MONTROND-20171021-768x1090.jpg 768w, http:\/\/www.ucf42.com\/blog\/wp-content\/uploads\/2017\/10\/Classement-CycloCross-MONTROND-20171021-722x1024.jpg 722w, http:\/\/www.ucf42.com\/blog\/wp-content\/uploads\/2017\/10\/Classement-CycloCross-MONTROND-20171021.jpg 812w\" sizes=\"auto, (max-width: 305px) 100vw, 305px\" \/><\/p>\n<p>&nbsp;<\/p>\n<p>&nbsp;<\/p>\n<p>&nbsp;<\/p>\n<div id=\"attachment_1354\" style=\"width: 505px\" class=\"wp-caption aligncenter\"><img loading=\"lazy\" decoding=\"async\" aria-describedby=\"caption-attachment-1354\" class=\"wp-image-1354 \" src=\"http:\/\/www.ucf42.com\/blog\/wp-content\/uploads\/2017\/10\/Photo-Denis-CARTIER-Cyclo-cross-Montrond_211017-300x200.jpg\" alt=\"\" width=\"495\" height=\"330\" srcset=\"http:\/\/www.ucf42.com\/blog\/wp-content\/uploads\/2017\/10\/Photo-Denis-CARTIER-Cyclo-cross-Montrond_211017-300x200.jpg 300w, http:\/\/www.ucf42.com\/blog\/wp-content\/uploads\/2017\/10\/Photo-Denis-CARTIER-Cyclo-cross-Montrond_211017-768x512.jpg 768w, http:\/\/www.ucf42.com\/blog\/wp-content\/uploads\/2017\/10\/Photo-Denis-CARTIER-Cyclo-cross-Montrond_211017.jpg 792w\" sizes=\"auto, (max-width: 495px) 100vw, 495px\" \/><p id=\"caption-attachment-1354\" class=\"wp-caption-text\">Denis CARTIER au pied du ch\u00e2teau<\/p><\/div>\n<p>&nbsp;<\/p>\n<div id=\"attachment_1355\" style=\"width: 426px\" class=\"wp-caption aligncenter\"><img loading=\"lazy\" decoding=\"async\" aria-describedby=\"caption-attachment-1355\" class=\"wp-image-1355 \" src=\"http:\/\/www.ucf42.com\/blog\/wp-content\/uploads\/2017\/10\/Photo-1-JB-PINCON-Cyclo-cross-Montrond_211017-300x200.jpg\" alt=\"\" width=\"416\" height=\"277\" srcset=\"http:\/\/www.ucf42.com\/blog\/wp-content\/uploads\/2017\/10\/Photo-1-JB-PINCON-Cyclo-cross-Montrond_211017-300x200.jpg 300w, http:\/\/www.ucf42.com\/blog\/wp-content\/uploads\/2017\/10\/Photo-1-JB-PINCON-Cyclo-cross-Montrond_211017-768x512.jpg 768w, http:\/\/www.ucf42.com\/blog\/wp-content\/uploads\/2017\/10\/Photo-1-JB-PINCON-Cyclo-cross-Montrond_211017.jpg 792w\" sizes=\"auto, (max-width: 416px) 100vw, 416px\" \/><p id=\"caption-attachment-1355\" class=\"wp-caption-text\">Jean Baptiste PINCON dans une partie technique<\/p><\/div>\n<p>&nbsp;<\/p>\n<div id=\"attachment_1356\" style=\"width: 426px\" class=\"wp-caption aligncenter\"><img loading=\"lazy\" decoding=\"async\" aria-describedby=\"caption-attachment-1356\" class=\"wp-image-1356 \" src=\"http:\/\/www.ucf42.com\/blog\/wp-content\/uploads\/2017\/10\/Photo-2-JB-PINCON-Cyclo-cross-Montrond_211017-300x200.jpg\" alt=\"\" width=\"416\" height=\"277\" srcset=\"http:\/\/www.ucf42.com\/blog\/wp-content\/uploads\/2017\/10\/Photo-2-JB-PINCON-Cyclo-cross-Montrond_211017-300x200.jpg 300w, http:\/\/www.ucf42.com\/blog\/wp-content\/uploads\/2017\/10\/Photo-2-JB-PINCON-Cyclo-cross-Montrond_211017-768x512.jpg 768w, http:\/\/www.ucf42.com\/blog\/wp-content\/uploads\/2017\/10\/Photo-2-JB-PINCON-Cyclo-cross-Montrond_211017.jpg 792w\" sizes=\"auto, (max-width: 416px) 100vw, 416px\" \/><p id=\"caption-attachment-1356\" class=\"wp-caption-text\">Jean Baptiste PINCON en pleine action<\/p><\/div>\n<p>&nbsp;<\/p>\n<div id=\"attachment_1357\" style=\"width: 462px\" class=\"wp-caption aligncenter\"><img loading=\"lazy\" decoding=\"async\" aria-describedby=\"caption-attachment-1357\" class=\"wp-image-1357 \" src=\"http:\/\/www.ucf42.com\/blog\/wp-content\/uploads\/2017\/10\/Podium-Cyclo-cross-Montrond_211017-300x200.jpg\" alt=\"\" width=\"452\" height=\"301\" srcset=\"http:\/\/www.ucf42.com\/blog\/wp-content\/uploads\/2017\/10\/Podium-Cyclo-cross-Montrond_211017-300x200.jpg 300w, http:\/\/www.ucf42.com\/blog\/wp-content\/uploads\/2017\/10\/Podium-Cyclo-cross-Montrond_211017-768x512.jpg 768w, http:\/\/www.ucf42.com\/blog\/wp-content\/uploads\/2017\/10\/Podium-Cyclo-cross-Montrond_211017.jpg 792w\" sizes=\"auto, (max-width: 452px) 100vw, 452px\" \/><p id=\"caption-attachment-1357\" class=\"wp-caption-text\">Le podium final du cyclo-cross de Montrond le 21 octobre 2017<\/p><\/div>\n<p>&nbsp;<\/p>\n<p>&nbsp;<\/p>\n","protected":false},"excerpt":{"rendered":"<p>Ce samedi 21 octobre, l&#8217;UCF42 organisait son traditionnel cyclo-cross dans le pr\u00e9 du ch\u00e2teau de Montrond les Bains. Sous une m\u00e9t\u00e9o cl\u00e9mente, ce n&#8217;est pas moins de 37 coureurs, dont une f\u00e9minine et des coureurs de haut niveau r\u00e9gional et national qui s&#8217;\u00e9lan\u00e7aient sur le circuit tr\u00e8s technique de 2 km dans le pr\u00e9 et [&hellip;]<\/p>\n","protected":false},"author":9,"featured_media":1351,"comment_status":"open","ping_status":"open","sticky":false,"template":"","format":"standard","meta":{"footnotes":""},"categories":[1,27,8],"tags":[],"class_list":{"0":"post-1350","1":"post","2":"type-post","3":"status-publish","4":"format-standard","5":"has-post-thumbnail","7":"category-actualites","8":"category-nos-organisations","9":"category-resultats-2017","10":"czr-hentry"},"_links":{"self":[{"href":"http:\/\/www.ucf42.com\/blog\/index.php\/wp-json\/wp\/v2\/posts\/1350","targetHints":{"allow":["GET"]}}],"collection":[{"href":"http:\/\/www.ucf42.com\/blog\/index.php\/wp-json\/wp\/v2\/posts"}],"about":[{"href":"http:\/\/www.ucf42.com\/blog\/index.php\/wp-json\/wp\/v2\/types\/post"}],"author":[{"embeddable":true,"href":"http:\/\/www.ucf42.com\/blog\/index.php\/wp-json\/wp\/v2\/users\/9"}],"replies":[{"embeddable":true,"href":"http:\/\/www.ucf42.com\/blog\/index.php\/wp-json\/wp\/v2\/comments?post=1350"}],"version-history":[{"count":3,"href":"http:\/\/www.ucf42.com\/blog\/index.php\/wp-json\/wp\/v2\/posts\/1350\/revisions"}],"predecessor-version":[{"id":3549,"href":"http:\/\/www.ucf42.com\/blog\/index.php\/wp-json\/wp\/v2\/posts\/1350\/revisions\/3549"}],"wp:featuredmedia":[{"embeddable":true,"href":"http:\/\/www.ucf42.com\/blog\/index.php\/wp-json\/wp\/v2\/media\/1351"}],"wp:attachment":[{"href":"http:\/\/www.ucf42.com\/blog\/index.php\/wp-json\/wp\/v2\/media?parent=1350"}],"wp:term":[{"taxonomy":"category","embeddable":true,"href":"http:\/\/www.ucf42.com\/blog\/index.php\/wp-json\/wp\/v2\/categories?post=1350"},{"taxonomy":"post_tag","embeddable":true,"href":"http:\/\/www.ucf42.com\/blog\/index.php\/wp-json\/wp\/v2\/tags?post=1350"}],"curies":[{"name":"wp","href":"https:\/\/api.w.org\/{rel}","templated":true}]}}