{"id":1329,"date":"2017-10-02T00:54:40","date_gmt":"2017-10-01T22:54:40","guid":{"rendered":"http:\/\/www.ucf42.com\/blog\/?p=1329"},"modified":"2024-07-03T16:25:45","modified_gmt":"2024-07-03T14:25:45","slug":"laurent-huyghe-pierre-fulchiron-vainqueurs-de-coupe-de-france-handisport","status":"publish","type":"post","link":"http:\/\/www.ucf42.com\/blog\/index.php\/2017\/10\/02\/laurent-huyghe-pierre-fulchiron-vainqueurs-de-coupe-de-france-handisport\/","title":{"rendered":"Laurent HUYGHE et Pierre FULCHIRON vainqueurs de la coupe de France Handisport"},"content":{"rendered":"<div id=\"attachment_1330\" style=\"width: 587px\" class=\"wp-caption aligncenter\"><img loading=\"lazy\" decoding=\"async\" aria-describedby=\"caption-attachment-1330\" class=\"wp-image-1330 \" src=\"http:\/\/www.ucf42.com\/blog\/wp-content\/uploads\/2017\/10\/Laurent-Pierre-vainqueuers-de-la-coupe-de-France-Handisport_011017-300x169.jpg\" alt=\"\" width=\"577\" height=\"325\"><p id=\"caption-attachment-1330\" class=\"wp-caption-text\">Laurent HUYGHE et Pierre FULCHIRON avec le troph\u00e9e de la coupe de France 2017<\/p><\/div>\n<p>Vainqueurs de la quasi totalit\u00e9 des \u00e9preuves de la coupe de France Handisport sur l&#8217;ann\u00e9e (sauf le championnat de France o\u00f9 ils terminent second le dimanche 1er octobre), Laurent HUYGHE et Pierre FULCHIRON on archi domin\u00e9 cette coupe de France Handisport qu&#8217;ils remportent &#8220;haut la main&#8221; (ils avaient d\u00e9j\u00e0 course gagn\u00e9e avant la derni\u00e8re \u00e9preuve \u00e0 Annecy le WE du 1er octobre).<\/p>\n<p>Un grand bravo pour cette performance de r\u00e9gularit\u00e9 dans la victoire.<\/p>\n<p>La coupe reste \u00e0 l&#8217;UCF42 car c&#8217;est Yves BAYON, associ\u00e9 \u00e0 Pierre FULCHIRON qui l&#8217;avaient remport\u00e9 en 2016.<\/p>\n<p>Bravo \u00e0 nos champions !<\/p>\n","protected":false},"excerpt":{"rendered":"<p>Vainqueurs de la quasi totalit\u00e9 des \u00e9preuves de la coupe de France Handisport sur l&#8217;ann\u00e9e (sauf le championnat de France o\u00f9 ils terminent second le dimanche 1er octobre), Laurent HUYGHE et Pierre FULCHIRON on archi domin\u00e9 cette coupe de France Handisport qu&#8217;ils remportent &#8220;haut la main&#8221; (ils avaient d\u00e9j\u00e0 course gagn\u00e9e avant la derni\u00e8re \u00e9preuve [&hellip;]<\/p>\n","protected":false},"author":9,"featured_media":1330,"comment_status":"open","ping_status":"open","sticky":false,"template":"","format":"standard","meta":{"footnotes":""},"categories":[1,8],"tags":[],"class_list":{"0":"post-1329","1":"post","2":"type-post","3":"status-publish","4":"format-standard","5":"has-post-thumbnail","7":"category-actualites","8":"category-resultats-2017","9":"czr-hentry"},"_links":{"self":[{"href":"http:\/\/www.ucf42.com\/blog\/index.php\/wp-json\/wp\/v2\/posts\/1329","targetHints":{"allow":["GET"]}}],"collection":[{"href":"http:\/\/www.ucf42.com\/blog\/index.php\/wp-json\/wp\/v2\/posts"}],"about":[{"href":"http:\/\/www.ucf42.com\/blog\/index.php\/wp-json\/wp\/v2\/types\/post"}],"author":[{"embeddable":true,"href":"http:\/\/www.ucf42.com\/blog\/index.php\/wp-json\/wp\/v2\/users\/9"}],"replies":[{"embeddable":true,"href":"http:\/\/www.ucf42.com\/blog\/index.php\/wp-json\/wp\/v2\/comments?post=1329"}],"version-history":[{"count":2,"href":"http:\/\/www.ucf42.com\/blog\/index.php\/wp-json\/wp\/v2\/posts\/1329\/revisions"}],"predecessor-version":[{"id":3547,"href":"http:\/\/www.ucf42.com\/blog\/index.php\/wp-json\/wp\/v2\/posts\/1329\/revisions\/3547"}],"wp:featuredmedia":[{"embeddable":true,"href":"http:\/\/www.ucf42.com\/blog\/index.php\/wp-json\/wp\/v2\/media\/1330"}],"wp:attachment":[{"href":"http:\/\/www.ucf42.com\/blog\/index.php\/wp-json\/wp\/v2\/media?parent=1329"}],"wp:term":[{"taxonomy":"category","embeddable":true,"href":"http:\/\/www.ucf42.com\/blog\/index.php\/wp-json\/wp\/v2\/categories?post=1329"},{"taxonomy":"post_tag","embeddable":true,"href":"http:\/\/www.ucf42.com\/blog\/index.php\/wp-json\/wp\/v2\/tags?post=1329"}],"curies":[{"name":"wp","href":"https:\/\/api.w.org\/{rel}","templated":true}]}}