{"id":1322,"date":"2017-10-02T00:36:40","date_gmt":"2017-10-01T22:36:40","guid":{"rendered":"http:\/\/www.ucf42.com\/blog\/?p=1322"},"modified":"2024-07-03T21:53:51","modified_gmt":"2024-07-03T19:53:51","slug":"les-2-tandems-handisport-ucf42-sur-le-podium-du-championnat-de-france-a-annecy","status":"publish","type":"post","link":"http:\/\/www.ucf42.com\/blog\/index.php\/2017\/10\/02\/les-2-tandems-handisport-ucf42-sur-le-podium-du-championnat-de-france-a-annecy\/","title":{"rendered":"Les 2 tandems Handisport UCF42 sur le podium du championnat de France \u00e0 Annecy"},"content":{"rendered":"<div id=\"attachment_1323\" style=\"width: 479px\" class=\"wp-caption aligncenter\"><img loading=\"lazy\" decoding=\"async\" aria-describedby=\"caption-attachment-1323\" class=\"wp-image-1323 \" src=\"http:\/\/www.ucf42.com\/blog\/wp-content\/uploads\/2017\/10\/Podium-Chpt-France-Handisport-course-en-ligne-Annecy_300917-300x169.jpg\" alt=\"\" width=\"469\" height=\"264\"><p id=\"caption-attachment-1323\" class=\"wp-caption-text\">Laurent Huyghe &amp; Pierre Fulchiron 2\u00e8mes du championnat de France &#8211; Yves Bayon &amp; Eric Marchand 3\u00e8mes<\/p><\/div>\n<div id=\"attachment_1324\" style=\"width: 276px\" class=\"wp-caption aligncenter\"><img loading=\"lazy\" decoding=\"async\" aria-describedby=\"caption-attachment-1324\" class=\"wp-image-1324 \" src=\"http:\/\/www.ucf42.com\/blog\/wp-content\/uploads\/2017\/10\/Laurent-et-Pierre-2\u00e8me-Champt-France-Handisport-Annecy_300917-169x300.jpg\" alt=\"\" width=\"266\" height=\"472\" srcset=\"http:\/\/www.ucf42.com\/blog\/wp-content\/uploads\/2017\/10\/Laurent-et-Pierre-2\u00e8me-Champt-France-Handisport-Annecy_300917-169x300.jpg 169w, http:\/\/www.ucf42.com\/blog\/wp-content\/uploads\/2017\/10\/Laurent-et-Pierre-2\u00e8me-Champt-France-Handisport-Annecy_300917.jpg 327w\" sizes=\"auto, (max-width: 266px) 100vw, 266px\" \/><p id=\"caption-attachment-1324\" class=\"wp-caption-text\">Laurent HUYGHE et Pierre FULCHIRON<\/p><\/div>\n<p>&nbsp;<\/p>\n<div id=\"attachment_1326\" style=\"width: 272px\" class=\"wp-caption aligncenter\"><img loading=\"lazy\" decoding=\"async\" aria-describedby=\"caption-attachment-1326\" class=\"wp-image-1326 \" src=\"http:\/\/www.ucf42.com\/blog\/wp-content\/uploads\/2017\/10\/Yves-et-Eric-3\u00e8me-Champt-France-Handisport-Annecy_300917-169x300.jpg\" alt=\"\" width=\"262\" height=\"466\" srcset=\"http:\/\/www.ucf42.com\/blog\/wp-content\/uploads\/2017\/10\/Yves-et-Eric-3\u00e8me-Champt-France-Handisport-Annecy_300917-169x300.jpg 169w, http:\/\/www.ucf42.com\/blog\/wp-content\/uploads\/2017\/10\/Yves-et-Eric-3\u00e8me-Champt-France-Handisport-Annecy_300917.jpg 327w\" sizes=\"auto, (max-width: 262px) 100vw, 262px\" \/><p id=\"caption-attachment-1326\" class=\"wp-caption-text\">Yves BAYON et Eric MARCHAND<\/p><\/div>\n<p>Ce WE du 30 septembre et 1er octobre, avait lieu le championnat de France Handisport \u00e0 Annecy, nous avions 4 repr\u00e9sentants sur 2 tandems :<\/p>\n<ul>\n<li>Laurent HUYGHE et Pierre FULCHIRON<\/li>\n<li>Yves BAYON et Eric MARCHAND<\/li>\n<\/ul>\n<p>Nos 4 champions ont fait tr\u00e8s fort car ils trustent les 2\u00e8me et 3\u00e8me place du podium, aussi bien le samedi sur la course en ligne que le dimanche matin sur le Contre la Montre.<\/p>\n<p>Laurent et Pierre on gagn\u00e9 la quasi totalit\u00e9 des \u00e9preuves cette ann\u00e9e (ils remportent d&#8217;ailleurs la coupe de France, voir article s\u00e9par\u00e9 sur le sujet), ils terminent la saison en beaut\u00e9 en terminant second du championnat de France, sur la course en ligne le samedi et sur le contre la montre le dimanche.<\/p>\n<p>Yves et son nouveau pilote Eric (ancien pr\u00e9sident UCF42 il y a quelques ann\u00e9es) ne font pas toutes les \u00e9preuves sur l&#8217;ann\u00e9e mais ils ont \u00e9galement particip\u00e9 au championnat de France et&#8230; ils terminent sur la 3\u00e8me marche du podium&#8230;<\/p>\n<p>Bravo \u00e0 nos 4 champions !<\/p>\n<p>&nbsp;<\/p>\n<p>&nbsp;<\/p>\n<p>&nbsp;<\/p>\n","protected":false},"excerpt":{"rendered":"<p>&nbsp; Ce WE du 30 septembre et 1er octobre, avait lieu le championnat de France Handisport \u00e0 Annecy, nous avions 4 repr\u00e9sentants sur 2 tandems : Laurent HUYGHE et Pierre FULCHIRON Yves BAYON et Eric MARCHAND Nos 4 champions ont fait tr\u00e8s fort car ils trustent les 2\u00e8me et 3\u00e8me place du podium, aussi bien [&hellip;]<\/p>\n","protected":false},"author":9,"featured_media":1328,"comment_status":"open","ping_status":"open","sticky":false,"template":"","format":"standard","meta":{"footnotes":""},"categories":[1,8],"tags":[],"class_list":{"0":"post-1322","1":"post","2":"type-post","3":"status-publish","4":"format-standard","5":"has-post-thumbnail","7":"category-actualites","8":"category-resultats-2017","9":"czr-hentry"},"_links":{"self":[{"href":"http:\/\/www.ucf42.com\/blog\/index.php\/wp-json\/wp\/v2\/posts\/1322","targetHints":{"allow":["GET"]}}],"collection":[{"href":"http:\/\/www.ucf42.com\/blog\/index.php\/wp-json\/wp\/v2\/posts"}],"about":[{"href":"http:\/\/www.ucf42.com\/blog\/index.php\/wp-json\/wp\/v2\/types\/post"}],"author":[{"embeddable":true,"href":"http:\/\/www.ucf42.com\/blog\/index.php\/wp-json\/wp\/v2\/users\/9"}],"replies":[{"embeddable":true,"href":"http:\/\/www.ucf42.com\/blog\/index.php\/wp-json\/wp\/v2\/comments?post=1322"}],"version-history":[{"count":3,"href":"http:\/\/www.ucf42.com\/blog\/index.php\/wp-json\/wp\/v2\/posts\/1322\/revisions"}],"predecessor-version":[{"id":3546,"href":"http:\/\/www.ucf42.com\/blog\/index.php\/wp-json\/wp\/v2\/posts\/1322\/revisions\/3546"}],"wp:featuredmedia":[{"embeddable":true,"href":"http:\/\/www.ucf42.com\/blog\/index.php\/wp-json\/wp\/v2\/media\/1328"}],"wp:attachment":[{"href":"http:\/\/www.ucf42.com\/blog\/index.php\/wp-json\/wp\/v2\/media?parent=1322"}],"wp:term":[{"taxonomy":"category","embeddable":true,"href":"http:\/\/www.ucf42.com\/blog\/index.php\/wp-json\/wp\/v2\/categories?post=1322"},{"taxonomy":"post_tag","embeddable":true,"href":"http:\/\/www.ucf42.com\/blog\/index.php\/wp-json\/wp\/v2\/tags?post=1322"}],"curies":[{"name":"wp","href":"https:\/\/api.w.org\/{rel}","templated":true}]}}