{"id":1175,"date":"2017-07-10T00:43:10","date_gmt":"2017-07-09T22:43:10","guid":{"rendered":"http:\/\/www.ucf42.com\/blog\/?p=1175"},"modified":"2017-07-10T01:38:28","modified_gmt":"2017-07-09T23:38:28","slug":"extraordinaire-nathanael-gery","status":"publish","type":"post","link":"http:\/\/www.ucf42.com\/blog\/index.php\/2017\/07\/10\/extraordinaire-nathanael-gery\/","title":{"rendered":"Extraordinaire Nathana\u00ebl GERY"},"content":{"rendered":"<div id=\"attachment_1176\" style=\"width: 288px\" class=\"wp-caption aligncenter\"><img loading=\"lazy\" decoding=\"async\" aria-describedby=\"caption-attachment-1176\" class=\"wp-image-1176 \" src=\"http:\/\/www.ucf42.com\/blog\/wp-content\/uploads\/2017\/07\/Victoire-et-GPM-Nathanael-GERY-tour-de-la-Dr\u00f4me_090717-193x300.jpg\" alt=\"\" width=\"278\" height=\"432\" \/><p id=\"caption-attachment-1176\" class=\"wp-caption-text\">Nathana\u00ebl GERY meilleur grimpeur et vainqueur du circuit de la Dr\u00f4me<\/p><\/div>\n<p>Notre \u00e9quipe FFC compos\u00e9e de Robin GONTERO et Nathana\u00ebl GERY avait rendez vous ce dimanche 9 juillet sur le circuit de la Dr\u00f4me, course en ligne sur un parcours tr\u00e8s accident\u00e9 et tr\u00e8s technique.<\/p>\n<p>Grace \u00e0 une super course d&#8217;\u00e9quipe, voyant notamment Robin GONTERO r\u00e9ussir \u00e0 ramener le groupe de poursuivants, dont Nathana\u00ebl GERY sur la premi\u00e8re \u00e9chapp\u00e9e du jour, c&#8217;est au 3\u00e8me Grand Prix de la Montagne (GPM) que la s\u00e9lection se fait et o\u00f9 3 coureurs, dont Nathana\u00ebl,\u00a0s&#8217;extirpent du groupe de t\u00eate et ne seront plus revus.<\/p>\n<p>A 50 km de l&#8217;arriv\u00e9e, Nathana\u00ebl, une fois de plus au dessus de lot, d\u00e9pose ses 2 compagnons d&#8217;\u00e9chapp\u00e9e pour aller chercher tous les GPM restant et remporter une extraordinaire victoire en solitaire&#8230; !<\/p>\n<p>Gr\u00e2ce \u00e0 cette superbe victoire, Nathana\u00ebl acc\u00e8de \u00e0 la 1\u00e8re cat\u00e9gorie de fa\u00e7on magistrale, bravo champion !<\/p>\n<p>Tout le club, et au del\u00e0 du club, ce gar\u00e7on \u00e9tant tr\u00e8s aim\u00e9 tant par sa classe que pas sa gentillesse, est fier de son leader qui est vraiment dans une ann\u00e9e extraordinaire&#8230; quel chemin parcouru depuis ses d\u00e9buts en 2013, son titre de vice-champion de France espoir FSGT en 2014 puis son apprentissage en FFC pour maintenant acc\u00e9der \u00e0 l&#8217;\u00e9lite nationale, respect champion.<\/p>\n<p>Maintenant bon vent avec les meilleurs coureurs amateurs fran\u00e7ais, l&#8217;UCF42 va accompagner du mieux possible son leader jusqu&#8217;\u00e0 la fin de saison 2017 puis l&#8217;aidera \u00e0 rejoindre un club de DN1&#8230; nous suivrons ses futurs exploits avec une grande fiert\u00e9&#8230;<\/p>\n<p>Il y est arriv\u00e9 !<\/p>\n","protected":false},"excerpt":{"rendered":"<p>Notre \u00e9quipe FFC compos\u00e9e de Robin GONTERO et Nathana\u00ebl GERY avait rendez vous ce dimanche 9 juillet sur le circuit de la Dr\u00f4me, course en ligne sur un parcours tr\u00e8s accident\u00e9 et tr\u00e8s technique. Grace \u00e0 une super course d&#8217;\u00e9quipe, voyant notamment Robin GONTERO r\u00e9ussir \u00e0 ramener le groupe de poursuivants, dont Nathana\u00ebl GERY sur [&hellip;]<\/p>\n","protected":false},"author":9,"featured_media":1176,"comment_status":"open","ping_status":"open","sticky":false,"template":"","format":"standard","meta":{"footnotes":""},"categories":[1],"tags":[],"class_list":{"0":"post-1175","1":"post","2":"type-post","3":"status-publish","4":"format-standard","5":"has-post-thumbnail","7":"category-actualites","8":"czr-hentry"},"_links":{"self":[{"href":"http:\/\/www.ucf42.com\/blog\/index.php\/wp-json\/wp\/v2\/posts\/1175","targetHints":{"allow":["GET"]}}],"collection":[{"href":"http:\/\/www.ucf42.com\/blog\/index.php\/wp-json\/wp\/v2\/posts"}],"about":[{"href":"http:\/\/www.ucf42.com\/blog\/index.php\/wp-json\/wp\/v2\/types\/post"}],"author":[{"embeddable":true,"href":"http:\/\/www.ucf42.com\/blog\/index.php\/wp-json\/wp\/v2\/users\/9"}],"replies":[{"embeddable":true,"href":"http:\/\/www.ucf42.com\/blog\/index.php\/wp-json\/wp\/v2\/comments?post=1175"}],"version-history":[{"count":2,"href":"http:\/\/www.ucf42.com\/blog\/index.php\/wp-json\/wp\/v2\/posts\/1175\/revisions"}],"predecessor-version":[{"id":1178,"href":"http:\/\/www.ucf42.com\/blog\/index.php\/wp-json\/wp\/v2\/posts\/1175\/revisions\/1178"}],"wp:featuredmedia":[{"embeddable":true,"href":"http:\/\/www.ucf42.com\/blog\/index.php\/wp-json\/wp\/v2\/media\/1176"}],"wp:attachment":[{"href":"http:\/\/www.ucf42.com\/blog\/index.php\/wp-json\/wp\/v2\/media?parent=1175"}],"wp:term":[{"taxonomy":"category","embeddable":true,"href":"http:\/\/www.ucf42.com\/blog\/index.php\/wp-json\/wp\/v2\/categories?post=1175"},{"taxonomy":"post_tag","embeddable":true,"href":"http:\/\/www.ucf42.com\/blog\/index.php\/wp-json\/wp\/v2\/tags?post=1175"}],"curies":[{"name":"wp","href":"https:\/\/api.w.org\/{rel}","templated":true}]}}