{"id":1131,"date":"2017-07-03T00:33:45","date_gmt":"2017-07-02T22:33:45","guid":{"rendered":"http:\/\/www.ucf42.com\/blog\/?p=1131"},"modified":"2024-07-03T22:02:09","modified_gmt":"2024-07-03T20:02:09","slug":"victoire-de-morgan-poulard-aux-copains-a-ambert","status":"publish","type":"post","link":"http:\/\/www.ucf42.com\/blog\/index.php\/2017\/07\/03\/victoire-de-morgan-poulard-aux-copains-a-ambert\/","title":{"rendered":"Victoire de Morgan POULARD aux &#8220;Copains&#8221; \u00e0 Ambert"},"content":{"rendered":"<div id=\"attachment_1132\" style=\"width: 730px\" class=\"wp-caption aligncenter\"><img loading=\"lazy\" decoding=\"async\" aria-describedby=\"caption-attachment-1132\" class=\"wp-image-1132 size-full\" src=\"http:\/\/www.ucf42.com\/blog\/wp-content\/uploads\/2017\/07\/Les-copains-Ambert_020717.jpg\" alt=\"\" width=\"720\" height=\"405\" srcset=\"http:\/\/www.ucf42.com\/blog\/wp-content\/uploads\/2017\/07\/Les-copains-Ambert_020717.jpg 720w, http:\/\/www.ucf42.com\/blog\/wp-content\/uploads\/2017\/07\/Les-copains-Ambert_020717-300x169.jpg 300w\" sizes=\"auto, (max-width: 720px) 100vw, 720px\" \/><p id=\"caption-attachment-1132\" class=\"wp-caption-text\">L&#8217;UCF42 aux &#8220;Copains&#8221; : Morgane &amp; Morgan, J\u00e9r\u00e9my BOURGIER, Christophe CHUARD et Claude GERBAUD<\/p><\/div>\n<p>Ce dimanche 2 juillet avait lieu la traditionnelle et superbe cyclo-sportive &#8220;Les Copain&#8221; \u00e0 Ambert.<\/p>\n<p>5 repr\u00e9sentants UCF42 \u00e9taient pr\u00e9sents :<\/p>\n<ul>\n<li>Morgane JACQUET et J\u00e9r\u00e9my BOURGIER sur le parcours 92 km<\/li>\n<li>Morgan POULARD, Christophe CHUARD et Claude GERBAUD sur le parcours 115 km<\/li>\n<\/ul>\n<p>Pluie et froid au d\u00e9part de cette \u00e9preuve, la 30\u00e8me du nom et toujours aussi bien organis\u00e9e&#8230; quelques chutes sur le parcours mais fort heureusement pas de casse pour nos repr\u00e9sentants&#8230;<\/p>\n<p>Morgane termine 4\u00e8me au scratch du classement des f\u00e9minines et 3\u00e8me de sa cat\u00e9gorie&#8230; nouveau podium donc pour notre jeune f\u00e9minine&#8230; Bravo !<\/p>\n<p>Sur le 115 km, Morgan POULARD faisait partie de la bonne \u00e9chapp\u00e9e \u00e0 4 pour rallier l&#8217;arriv\u00e9e en t\u00eate de la course&#8230; \u00e0 quelques km de l&#8217;arriv\u00e9e, Morgan connaissait un ennui m\u00e9canique (plateau de p\u00e9dalier desserr\u00e9&#8230; c&#8217;est bien connu, ce sont toujours les cordonniers les plus mal chauss\u00e9s :-)), l&#8217;obligeant \u00e0 s&#8217;arr\u00eater pour se faire d\u00e9panner&#8230; il ne peut donc jouer la gagne au scratch, gagne qui lui \u00e9tait promise car le plus rapide au sprint des 4 \u00e9chapp\u00e9s&#8230; toutefois Morgan termine 4\u00e8me au scratch et remporte la victoire dans la cat\u00e9gorie des 20-30 ans, bravo \u00e0 toi Morgan !<\/p>\n","protected":false},"excerpt":{"rendered":"<p>Ce dimanche 2 juillet avait lieu la traditionnelle et superbe cyclo-sportive &#8220;Les Copain&#8221; \u00e0 Ambert. 5 repr\u00e9sentants UCF42 \u00e9taient pr\u00e9sents : Morgane JACQUET et J\u00e9r\u00e9my BOURGIER sur le parcours 92 km Morgan POULARD, Christophe CHUARD et Claude GERBAUD sur le parcours 115 km Pluie et froid au d\u00e9part de cette \u00e9preuve, la 30\u00e8me du nom [&hellip;]<\/p>\n","protected":false},"author":9,"featured_media":1132,"comment_status":"open","ping_status":"open","sticky":false,"template":"","format":"standard","meta":{"footnotes":""},"categories":[1,8],"tags":[],"class_list":{"0":"post-1131","1":"post","2":"type-post","3":"status-publish","4":"format-standard","5":"has-post-thumbnail","7":"category-actualites","8":"category-resultats-2017","9":"czr-hentry"},"_links":{"self":[{"href":"http:\/\/www.ucf42.com\/blog\/index.php\/wp-json\/wp\/v2\/posts\/1131","targetHints":{"allow":["GET"]}}],"collection":[{"href":"http:\/\/www.ucf42.com\/blog\/index.php\/wp-json\/wp\/v2\/posts"}],"about":[{"href":"http:\/\/www.ucf42.com\/blog\/index.php\/wp-json\/wp\/v2\/types\/post"}],"author":[{"embeddable":true,"href":"http:\/\/www.ucf42.com\/blog\/index.php\/wp-json\/wp\/v2\/users\/9"}],"replies":[{"embeddable":true,"href":"http:\/\/www.ucf42.com\/blog\/index.php\/wp-json\/wp\/v2\/comments?post=1131"}],"version-history":[{"count":4,"href":"http:\/\/www.ucf42.com\/blog\/index.php\/wp-json\/wp\/v2\/posts\/1131\/revisions"}],"predecessor-version":[{"id":3611,"href":"http:\/\/www.ucf42.com\/blog\/index.php\/wp-json\/wp\/v2\/posts\/1131\/revisions\/3611"}],"wp:featuredmedia":[{"embeddable":true,"href":"http:\/\/www.ucf42.com\/blog\/index.php\/wp-json\/wp\/v2\/media\/1132"}],"wp:attachment":[{"href":"http:\/\/www.ucf42.com\/blog\/index.php\/wp-json\/wp\/v2\/media?parent=1131"}],"wp:term":[{"taxonomy":"category","embeddable":true,"href":"http:\/\/www.ucf42.com\/blog\/index.php\/wp-json\/wp\/v2\/categories?post=1131"},{"taxonomy":"post_tag","embeddable":true,"href":"http:\/\/www.ucf42.com\/blog\/index.php\/wp-json\/wp\/v2\/tags?post=1131"}],"curies":[{"name":"wp","href":"https:\/\/api.w.org\/{rel}","templated":true}]}}