{"id":1118,"date":"2017-06-26T23:27:30","date_gmt":"2017-06-26T21:27:30","guid":{"rendered":"http:\/\/www.ucf42.com\/blog\/?p=1118"},"modified":"2024-07-03T22:02:53","modified_gmt":"2024-07-03T20:02:53","slug":"lucf42-a-la-premiere-sainte-lyon-vtt","status":"publish","type":"post","link":"http:\/\/www.ucf42.com\/blog\/index.php\/2017\/06\/26\/lucf42-a-la-premiere-sainte-lyon-vtt\/","title":{"rendered":"L&#8217;UCF42 \u00e0 la premi\u00e8re Saint\u00e9-Lyon VTT"},"content":{"rendered":"<div id=\"attachment_1119\" style=\"width: 1034px\" class=\"wp-caption aligncenter\"><img loading=\"lazy\" decoding=\"async\" aria-describedby=\"caption-attachment-1119\" class=\"wp-image-1119 size-large\" src=\"http:\/\/www.ucf42.com\/blog\/wp-content\/uploads\/2017\/06\/Nicolas-et-C\u00e9dric-\u00e0-la-Saint\u00e9Lyon_240617-e1498512858727-1024x527.jpg\" alt=\"\" width=\"1024\" height=\"527\" srcset=\"http:\/\/www.ucf42.com\/blog\/wp-content\/uploads\/2017\/06\/Nicolas-et-C\u00e9dric-\u00e0-la-Saint\u00e9Lyon_240617-e1498512858727-1024x527.jpg 1024w, http:\/\/www.ucf42.com\/blog\/wp-content\/uploads\/2017\/06\/Nicolas-et-C\u00e9dric-\u00e0-la-Saint\u00e9Lyon_240617-e1498512858727-300x154.jpg 300w, http:\/\/www.ucf42.com\/blog\/wp-content\/uploads\/2017\/06\/Nicolas-et-C\u00e9dric-\u00e0-la-Saint\u00e9Lyon_240617-e1498512858727-768x395.jpg 768w\" sizes=\"auto, (max-width: 1024px) 100vw, 1024px\" \/><p id=\"caption-attachment-1119\" class=\"wp-caption-text\">C\u00e9dric DAUBINET et Nicolas ROYER \u00e0 la Saint\u00e9-Lyon le 24 juin<\/p><\/div>\n<p>Samedi 24 juin avait lieu la premi\u00e8re &#8220;Saint\u00e9-Lyon&#8221; VTT.<\/p>\n<p>Tr\u00e8s connue en course \u00e0 pied, cette randonn\u00e9e \u00e9tait la premi\u00e8re du genre \u00e0 VTT et l&#8217;UCF42 avait 2 repr\u00e9sentants : Nicolas ROYER notre VTTiste sponsor (Coiffure NICOLAS Montrond) et C\u00e9dric DAUBINET notre tr\u00e9sorier UCF42.<\/p>\n<p>2700 participants sur un parcours de 71 km avec un D\u00e9nivel\u00e9 positif de 1800 m et un d\u00e9nivel\u00e9 n\u00e9gatif de 2100 m dont une bonne partie de nuit&#8230;<\/p>\n<p>Nicolas pr\u00e9parait cet \u00e9v\u00e9nement depuis des mois et \u00e9tait affut\u00e9 au top pour cette \u00e9preuve, aussi bien\u00a0le physique que la technique (\u00e9clairage au top).<\/p>\n<p>C\u00e9dric, beaucoup moins entrain\u00e9 mais&#8230; \u00e9quip\u00e9 d&#8217;un VTT avec assistance \u00e9lectrique \u00e9tait \u00e9galement tr\u00e8s motiv\u00e9.<\/p>\n<p>Durant la nuit, un tr\u00e8s gros orage a tr\u00e8s largement perturb\u00e9 la course et provoqu\u00e9 l&#8217;abandon de C\u00e9dric.<\/p>\n<p>Nicolas, motiv\u00e9 comme un cadet a pu terminer l&#8217;\u00e9preuve et emmagasiner plein de jolis souvenirs.<\/p>\n<p>Bravo \u00e0 nos deux courageux VTTistes UCF42.<\/p>\n","protected":false},"excerpt":{"rendered":"<p>Samedi 24 juin avait lieu la premi\u00e8re &#8220;Saint\u00e9-Lyon&#8221; VTT. Tr\u00e8s connue en course \u00e0 pied, cette randonn\u00e9e \u00e9tait la premi\u00e8re du genre \u00e0 VTT et l&#8217;UCF42 avait 2 repr\u00e9sentants : Nicolas ROYER notre VTTiste sponsor (Coiffure NICOLAS Montrond) et C\u00e9dric DAUBINET notre tr\u00e9sorier UCF42. 2700 participants sur un parcours de 71 km avec un D\u00e9nivel\u00e9 [&hellip;]<\/p>\n","protected":false},"author":9,"featured_media":1119,"comment_status":"open","ping_status":"open","sticky":false,"template":"","format":"standard","meta":{"footnotes":""},"categories":[1,8],"tags":[],"class_list":{"0":"post-1118","1":"post","2":"type-post","3":"status-publish","4":"format-standard","5":"has-post-thumbnail","7":"category-actualites","8":"category-resultats-2017","9":"czr-hentry"},"_links":{"self":[{"href":"http:\/\/www.ucf42.com\/blog\/index.php\/wp-json\/wp\/v2\/posts\/1118","targetHints":{"allow":["GET"]}}],"collection":[{"href":"http:\/\/www.ucf42.com\/blog\/index.php\/wp-json\/wp\/v2\/posts"}],"about":[{"href":"http:\/\/www.ucf42.com\/blog\/index.php\/wp-json\/wp\/v2\/types\/post"}],"author":[{"embeddable":true,"href":"http:\/\/www.ucf42.com\/blog\/index.php\/wp-json\/wp\/v2\/users\/9"}],"replies":[{"embeddable":true,"href":"http:\/\/www.ucf42.com\/blog\/index.php\/wp-json\/wp\/v2\/comments?post=1118"}],"version-history":[{"count":3,"href":"http:\/\/www.ucf42.com\/blog\/index.php\/wp-json\/wp\/v2\/posts\/1118\/revisions"}],"predecessor-version":[{"id":3612,"href":"http:\/\/www.ucf42.com\/blog\/index.php\/wp-json\/wp\/v2\/posts\/1118\/revisions\/3612"}],"wp:featuredmedia":[{"embeddable":true,"href":"http:\/\/www.ucf42.com\/blog\/index.php\/wp-json\/wp\/v2\/media\/1119"}],"wp:attachment":[{"href":"http:\/\/www.ucf42.com\/blog\/index.php\/wp-json\/wp\/v2\/media?parent=1118"}],"wp:term":[{"taxonomy":"category","embeddable":true,"href":"http:\/\/www.ucf42.com\/blog\/index.php\/wp-json\/wp\/v2\/categories?post=1118"},{"taxonomy":"post_tag","embeddable":true,"href":"http:\/\/www.ucf42.com\/blog\/index.php\/wp-json\/wp\/v2\/tags?post=1118"}],"curies":[{"name":"wp","href":"https:\/\/api.w.org\/{rel}","templated":true}]}}