{"id":1103,"date":"2017-06-18T15:49:14","date_gmt":"2017-06-18T13:49:14","guid":{"rendered":"http:\/\/www.ucf42.com\/blog\/?p=1103"},"modified":"2024-07-03T22:05:24","modified_gmt":"2024-07-03T20:05:24","slug":"nathanael-gery-a-nouveau-au-sommet","status":"publish","type":"post","link":"http:\/\/www.ucf42.com\/blog\/index.php\/2017\/06\/18\/nathanael-gery-a-nouveau-au-sommet\/","title":{"rendered":"Nathana\u00ebl GERY \u00e0 nouveau au sommet !"},"content":{"rendered":"<p>Ce samedi soir avait lieu la nocturne FFC de Corbas, dans\u00a0le Rh\u00f4ne,\u00a0avec un d\u00e9part \u00e0 20h45.<\/p>\n<p>95km de course attendaient nos deux coureurs Nathanael Gery et Robin Gontero, qui revient, toujours convalescent, apr\u00e8s sa mononucl\u00e9ose,\u00a0ainsi que 100 autres concurrents.<\/p>\n<p>Surfant sur sa forme acquise ces derni\u00e8res semaines (nombreuses courses en \u00e9lite nationale, vice champion Auvergne Rh\u00f4ne Alpes FFC2) et dans la foul\u00e9e du stage en altitude dans les Hautes Alpes la semaine derni\u00e8re, Nathana\u00ebl r\u00e9ussit \u00e0 provoquer la bonne \u00e9chapp\u00e9e et \u00e0 s&#8217;imposer dans un magnifique sprint \u00e0 deux.<\/p>\n<p>Ces nocturnes sont toujours tr\u00e8s difficiles car courues \u00e0 tr\u00e8s vive allure et avec quelques passes d&#8217;armes tr\u00e8s techniques&#8230; mais Nathana\u00ebl est un\u00a0As du &#8220;pilotage&#8221; (ancien skieur de haut niveau&#8230;) et actuellement rien ne lui r\u00e9siste&#8230; pour notre plus grand plaisir !<\/p>\n<p>Un grand bravo pour cette magnifique victoire.<\/p>\n<p>Robin, quant\u00a0\u00e0 lui, r\u00e9ussi\u00a0 terminer dans le peloton, cela malgr\u00e9 le tr\u00e8s haut niveau de cette course&#8230; de tr\u00e8s bon augure pour les semaines d&#8217;\u00e9t\u00e9&#8230;<\/p>\n<div id=\"attachment_1104\" style=\"width: 970px\" class=\"wp-caption aligncenter\"><img loading=\"lazy\" decoding=\"async\" aria-describedby=\"caption-attachment-1104\" class=\"wp-image-1104 size-full\" src=\"http:\/\/www.ucf42.com\/blog\/wp-content\/uploads\/2017\/06\/Podium-victoire-Nathanel-Nocture-de-Corbas_170617.jpg\" alt=\"\" width=\"960\" height=\"720\" srcset=\"http:\/\/www.ucf42.com\/blog\/wp-content\/uploads\/2017\/06\/Podium-victoire-Nathanel-Nocture-de-Corbas_170617.jpg 960w, http:\/\/www.ucf42.com\/blog\/wp-content\/uploads\/2017\/06\/Podium-victoire-Nathanel-Nocture-de-Corbas_170617-300x225.jpg 300w, http:\/\/www.ucf42.com\/blog\/wp-content\/uploads\/2017\/06\/Podium-victoire-Nathanel-Nocture-de-Corbas_170617-768x576.jpg 768w\" sizes=\"auto, (max-width: 960px) 100vw, 960px\" \/><p id=\"caption-attachment-1104\" class=\"wp-caption-text\">Magnifique victoire de Nathana\u00ebl GERY \u00e0 la nocturne de Corbas FFC le 17 juin 2017<\/p><\/div>\n","protected":false},"excerpt":{"rendered":"<p>Ce samedi soir avait lieu la nocturne FFC de Corbas, dans\u00a0le Rh\u00f4ne,\u00a0avec un d\u00e9part \u00e0 20h45. 95km de course attendaient nos deux coureurs Nathanael Gery et Robin Gontero, qui revient, toujours convalescent, apr\u00e8s sa mononucl\u00e9ose,\u00a0ainsi que 100 autres concurrents. Surfant sur sa forme acquise ces derni\u00e8res semaines (nombreuses courses en \u00e9lite nationale, vice champion Auvergne [&hellip;]<\/p>\n","protected":false},"author":9,"featured_media":1104,"comment_status":"open","ping_status":"open","sticky":false,"template":"","format":"standard","meta":{"footnotes":""},"categories":[1,8],"tags":[],"class_list":{"0":"post-1103","1":"post","2":"type-post","3":"status-publish","4":"format-standard","5":"has-post-thumbnail","7":"category-actualites","8":"category-resultats-2017","9":"czr-hentry"},"_links":{"self":[{"href":"http:\/\/www.ucf42.com\/blog\/index.php\/wp-json\/wp\/v2\/posts\/1103","targetHints":{"allow":["GET"]}}],"collection":[{"href":"http:\/\/www.ucf42.com\/blog\/index.php\/wp-json\/wp\/v2\/posts"}],"about":[{"href":"http:\/\/www.ucf42.com\/blog\/index.php\/wp-json\/wp\/v2\/types\/post"}],"author":[{"embeddable":true,"href":"http:\/\/www.ucf42.com\/blog\/index.php\/wp-json\/wp\/v2\/users\/9"}],"replies":[{"embeddable":true,"href":"http:\/\/www.ucf42.com\/blog\/index.php\/wp-json\/wp\/v2\/comments?post=1103"}],"version-history":[{"count":5,"href":"http:\/\/www.ucf42.com\/blog\/index.php\/wp-json\/wp\/v2\/posts\/1103\/revisions"}],"predecessor-version":[{"id":3616,"href":"http:\/\/www.ucf42.com\/blog\/index.php\/wp-json\/wp\/v2\/posts\/1103\/revisions\/3616"}],"wp:featuredmedia":[{"embeddable":true,"href":"http:\/\/www.ucf42.com\/blog\/index.php\/wp-json\/wp\/v2\/media\/1104"}],"wp:attachment":[{"href":"http:\/\/www.ucf42.com\/blog\/index.php\/wp-json\/wp\/v2\/media?parent=1103"}],"wp:term":[{"taxonomy":"category","embeddable":true,"href":"http:\/\/www.ucf42.com\/blog\/index.php\/wp-json\/wp\/v2\/categories?post=1103"},{"taxonomy":"post_tag","embeddable":true,"href":"http:\/\/www.ucf42.com\/blog\/index.php\/wp-json\/wp\/v2\/tags?post=1103"}],"curies":[{"name":"wp","href":"https:\/\/api.w.org\/{rel}","templated":true}]}}