{"id":1061,"date":"2017-06-10T23:59:46","date_gmt":"2017-06-10T21:59:46","guid":{"rendered":"http:\/\/www.ucf42.com\/blog\/?p=1061"},"modified":"2024-07-03T22:05:48","modified_gmt":"2024-07-03T20:05:48","slug":"lucf42-au-sommet-regional-fsgt-2-nouveaux-titres","status":"publish","type":"post","link":"http:\/\/www.ucf42.com\/blog\/index.php\/2017\/06\/10\/lucf42-au-sommet-regional-fsgt-2-nouveaux-titres\/","title":{"rendered":"L&#8217;UCF42 au sommet de la r\u00e9gion Rh\u00f4ne Alpes FSGT : 2 nouveaux titres !"},"content":{"rendered":"<p>Ce samedi 10 juin avait lieu le championnat r\u00e9gional Rh\u00f4ne Alpes FSGT.<\/p>\n<p>5 repr\u00e9sentants de l&#8217;UCF42 participaient&nbsp;\u00e0 l&#8217;aventure : Morgane JACQUET en f\u00e9minine espoir, Marie JEROME en f\u00e9minine junior, Alexis JAY en espoir, Morgan POULARD en s\u00e9nior et Jean Michel SIBILLE en v\u00e9t\u00e9ran.<\/p>\n<p>Circuit tr\u00e8s exigeant, qui plus est sous la chaleur :&nbsp;73 km avec 1600 m de d\u00e9nivel\u00e9 \u00e0 St Haon de Chatel, dans notre d\u00e9partement de la Loire.<\/p>\n<p>La FSGT&nbsp;n&#8217;est pas encore organis\u00e9e en r\u00e9gion Auvergne Rh\u00f4ne Alpes et pour cette ann\u00e9e 2017, nous restons sur la configuration r\u00e9gionale Rh\u00f4ne Alpes.<\/p>\n<p>Quel succ\u00e8s pour nos coursiers UCF42 !<\/p>\n<p>Pas moins de 2 nouveaux titres de champion r\u00e9gional Rh\u00f4ne Alpes !<\/p>\n<p>Tout d&#8217;abord les f\u00e9minines avec Marie JEROME, d\u00e9j\u00e0 championne de la Loire il y a quelques semaines&nbsp;\u00e0 Valeille, qui termine 3\u00e8me au scratch et 1\u00e8re junior, ramenant donc le titre de championne Rh\u00f4ne Alpes f\u00e9minines junior 2017 !<\/p>\n<p>Morgane JACQUET compl\u00e8te ce beau r\u00e9sultat en terminant 4\u00e8me au scratch et 3\u00e8me de la cat\u00e9gorie Espoir !<\/p>\n<p>Chez les espoirs, notre coureur Alexis JAY, sortant d&#8217;un joli tour du Roannais (11\u00e8me), a malheureusement crev\u00e9 d\u00e8s le premier tour, perdant toute chance de podium&#8230;<\/p>\n<p>Chez les v\u00e9t\u00e9rans (plus de 40 ans), notre tr\u00e8s bon coureur Jean Michel SIBILLE termine a une jolie 5\u00e8me place !<\/p>\n<p>Enfin, dans la cat\u00e9gorie reine des seniors, Morgan POULARD, d\u00e9j\u00e0 champion de la Loire lui aussi il y a quelques semaines \u00e0 Valeille, remporte la victoire et le titre de champion r\u00e9gional Rh\u00f4ne Alpes !<\/p>\n<p>Bravo \u00e0 nos valeureux repr\u00e9sentants&#8230; tout le club est tr\u00e8s fier d&#8217;eux !<\/p>\n<div id=\"attachment_1062\" style=\"width: 556px\" class=\"wp-caption aligncenter\"><img loading=\"lazy\" decoding=\"async\" aria-describedby=\"caption-attachment-1062\" class=\"wp-image-1062\" src=\"http:\/\/www.ucf42.com\/blog\/wp-content\/uploads\/2017\/06\/Podium-victoire-Marie-JEROME-Championnat-r\u00e9gional-FSGT_100617-225x300.jpg\" alt=\"\" width=\"546\" height=\"728\" srcset=\"http:\/\/www.ucf42.com\/blog\/wp-content\/uploads\/2017\/06\/Podium-victoire-Marie-JEROME-Championnat-r\u00e9gional-FSGT_100617-225x300.jpg 225w, http:\/\/www.ucf42.com\/blog\/wp-content\/uploads\/2017\/06\/Podium-victoire-Marie-JEROME-Championnat-r\u00e9gional-FSGT_100617-768x1024.jpg 768w, http:\/\/www.ucf42.com\/blog\/wp-content\/uploads\/2017\/06\/Podium-victoire-Marie-JEROME-Championnat-r\u00e9gional-FSGT_100617.jpg 1536w\" sizes=\"auto, (max-width: 546px) 100vw, 546px\" \/><p id=\"caption-attachment-1062\" class=\"wp-caption-text\">Marie JEROME, championne r\u00e9gionale Rh\u00f4ne Alpes FSGT f\u00e9minine chez les juniors<\/p><\/div>\n<p>&nbsp;<\/p>\n<div id=\"attachment_1063\" style=\"width: 483px\" class=\"wp-caption aligncenter\"><img loading=\"lazy\" decoding=\"async\" aria-describedby=\"caption-attachment-1063\" class=\"wp-image-1063 \" src=\"http:\/\/www.ucf42.com\/blog\/wp-content\/uploads\/2017\/06\/Podium-victoire-Morgan-POULARD-Championnat-r\u00e9gional-FSGT_100617-167x300.jpg\" alt=\"\" width=\"473\" height=\"850\" srcset=\"http:\/\/www.ucf42.com\/blog\/wp-content\/uploads\/2017\/06\/Podium-victoire-Morgan-POULARD-Championnat-r\u00e9gional-FSGT_100617-167x300.jpg 167w, http:\/\/www.ucf42.com\/blog\/wp-content\/uploads\/2017\/06\/Podium-victoire-Morgan-POULARD-Championnat-r\u00e9gional-FSGT_100617.jpg 400w\" sizes=\"auto, (max-width: 473px) 100vw, 473px\" \/><p id=\"caption-attachment-1063\" class=\"wp-caption-text\">Morgan POULARD &#8211; Champion r\u00e9gional Rh\u00f4ne Alpes FSGT Senior<\/p><\/div>\n","protected":false},"excerpt":{"rendered":"<p>Ce samedi 10 juin avait lieu le championnat r\u00e9gional Rh\u00f4ne Alpes FSGT. 5 repr\u00e9sentants de l&#8217;UCF42 participaient&nbsp;\u00e0 l&#8217;aventure : Morgane JACQUET en f\u00e9minine espoir, Marie JEROME en f\u00e9minine junior, Alexis JAY en espoir, Morgan POULARD en s\u00e9nior et Jean Michel SIBILLE en v\u00e9t\u00e9ran. Circuit tr\u00e8s exigeant, qui plus est sous la chaleur :&nbsp;73 km avec [&hellip;]<\/p>\n","protected":false},"author":9,"featured_media":1093,"comment_status":"open","ping_status":"open","sticky":false,"template":"","format":"standard","meta":{"footnotes":""},"categories":[1,8],"tags":[],"class_list":{"0":"post-1061","1":"post","2":"type-post","3":"status-publish","4":"format-standard","5":"has-post-thumbnail","7":"category-actualites","8":"category-resultats-2017","9":"czr-hentry"},"_links":{"self":[{"href":"http:\/\/www.ucf42.com\/blog\/index.php\/wp-json\/wp\/v2\/posts\/1061","targetHints":{"allow":["GET"]}}],"collection":[{"href":"http:\/\/www.ucf42.com\/blog\/index.php\/wp-json\/wp\/v2\/posts"}],"about":[{"href":"http:\/\/www.ucf42.com\/blog\/index.php\/wp-json\/wp\/v2\/types\/post"}],"author":[{"embeddable":true,"href":"http:\/\/www.ucf42.com\/blog\/index.php\/wp-json\/wp\/v2\/users\/9"}],"replies":[{"embeddable":true,"href":"http:\/\/www.ucf42.com\/blog\/index.php\/wp-json\/wp\/v2\/comments?post=1061"}],"version-history":[{"count":6,"href":"http:\/\/www.ucf42.com\/blog\/index.php\/wp-json\/wp\/v2\/posts\/1061\/revisions"}],"predecessor-version":[{"id":3389,"href":"http:\/\/www.ucf42.com\/blog\/index.php\/wp-json\/wp\/v2\/posts\/1061\/revisions\/3389"}],"wp:featuredmedia":[{"embeddable":true,"href":"http:\/\/www.ucf42.com\/blog\/index.php\/wp-json\/wp\/v2\/media\/1093"}],"wp:attachment":[{"href":"http:\/\/www.ucf42.com\/blog\/index.php\/wp-json\/wp\/v2\/media?parent=1061"}],"wp:term":[{"taxonomy":"category","embeddable":true,"href":"http:\/\/www.ucf42.com\/blog\/index.php\/wp-json\/wp\/v2\/categories?post=1061"},{"taxonomy":"post_tag","embeddable":true,"href":"http:\/\/www.ucf42.com\/blog\/index.php\/wp-json\/wp\/v2\/tags?post=1061"}],"curies":[{"name":"wp","href":"https:\/\/api.w.org\/{rel}","templated":true}]}}